{"id":1657,"date":"2024-11-20T11:25:46","date_gmt":"2024-11-20T11:25:46","guid":{"rendered":"https:\/\/lesoleil.bf\/?p=1657"},"modified":"2024-11-20T11:28:48","modified_gmt":"2024-11-20T11:28:48","slug":"diaspora-africaine-vinicuis-junior-a-ses-origines-au-cameroun","status":"publish","type":"post","link":"https:\/\/lesoleil.bf\/index.php\/2024\/11\/20\/diaspora-africaine-vinicuis-junior-a-ses-origines-au-cameroun\/","title":{"rendered":"Diaspora africaine : Vinicuis Junior \u00e0 ses origines au Cameroun"},"content":{"rendered":"<p>C&rsquo;est fait! Vinicuis sait d&rsquo;o\u00f9 il vient. Une chose est certaine ses grands parents ont v\u00e9cu sur cette terre. Une terre qui du reste a apport\u00e9 au continent de tr\u00e8s bons joueurs.<\/p>\n<p><img loading=\"lazy\" decoding=\"async\" class=\"alignnone size-medium wp-image-1659\" src=\"https:\/\/lesoleil.bf\/wp-content\/uploads\/2024\/11\/Sport2-206x300.jpeg\" alt=\"\" width=\"206\" height=\"300\" srcset=\"https:\/\/lesoleil.bf\/wp-content\/uploads\/2024\/11\/Sport2-206x300.jpeg 206w, https:\/\/lesoleil.bf\/wp-content\/uploads\/2024\/11\/Sport2.jpeg 618w\" sizes=\"auto, (max-width: 206px) 100vw, 206px\" \/><br \/>\nLe test ADN de Vinicius Junior a montr\u00e9 qu&rsquo;il a des origines camerounaises.<br \/>\nVini Jr et la F\u00e9d\u00e9ration Br\u00e9silienne ont pos\u00e9 avec son certificat d&rsquo;ascendance ce 19 novembre 2024.<br \/>\nAinsi le milieu de terrain du Real de Madrid a un lien avec Samuel Eto&rsquo;o.<br \/>\nQuel est donc le secret du &lt;&lt;Contineng&gt;&gt; pour qu&rsquo;il passe pour un creuset de vedettes au plan sportif?<br \/>\nEn attendant, nous pouvons gager que le joueur madril\u00e8ne est soulag\u00e9 au niveau de sa conscience!<\/p>\n<p>#originesdevinicuisjunior<br \/>\n#originescamerounaisesdevinicuisjunior<\/p>\n<p>Ernest BONDAONE<\/p>\n","protected":false},"excerpt":{"rendered":"<p>C&rsquo;est fait! Vinicuis sait d&rsquo;o\u00f9 il vient. Une chose est certaine ses grands parents ont v\u00e9cu sur cette terre. Une terre qui du reste a apport\u00e9 au continent de tr\u00e8s bons joueurs. Le test ADN de Vinicius Junior a montr\u00e9 qu&rsquo;il a des origines camerounaises. Vini Jr et la F\u00e9d\u00e9ration Br\u00e9silienne ont pos\u00e9 avec son [&hellip;]<\/p>\n","protected":false},"author":1,"featured_media":1658,"comment_status":"open","ping_status":"open","sticky":false,"template":"","format":"standard","meta":{"site-sidebar-layout":"default","site-content-layout":"","ast-site-content-layout":"default","site-content-style":"default","site-sidebar-style":"default","ast-global-header-display":"","ast-banner-title-visibility":"","ast-main-header-display":"","ast-hfb-above-header-display":"","ast-hfb-below-header-display":"","ast-hfb-mobile-header-display":"","site-post-title":"","ast-breadcrumbs-content":"","ast-featured-img":"","footer-sml-layout":"","theme-transparent-header-meta":"default","adv-header-id-meta":"","stick-header-meta":"","header-above-stick-meta":"","header-main-stick-meta":"","header-below-stick-meta":"","astra-migrate-meta-layouts":"set","ast-page-background-enabled":"default","ast-page-background-meta":{"desktop":{"background-color":"var(--ast-global-color-4)","background-image":"","background-repeat":"repeat","background-position":"center center","background-size":"auto","background-attachment":"scroll","background-type":"","background-media":"","overlay-type":"","overlay-color":"","overlay-opacity":"","overlay-gradient":""},"tablet":{"background-color":"","background-image":"","background-repeat":"repeat","background-position":"center center","background-size":"auto","background-attachment":"scroll","background-type":"","background-media":"","overlay-type":"","overlay-color":"","overlay-opacity":"","overlay-gradient":""},"mobile":{"background-color":"","background-image":"","background-repeat":"repeat","background-position":"center center","background-size":"auto","background-attachment":"scroll","background-type":"","background-media":"","overlay-type":"","overlay-color":"","overlay-opacity":"","overlay-gradient":""}},"ast-content-background-meta":{"desktop":{"background-color":"var(--ast-global-color-5)","background-image":"","background-repeat":"repeat","background-position":"center center","background-size":"auto","background-attachment":"scroll","background-type":"","background-media":"","overlay-type":"","overlay-color":"","overlay-opacity":"","overlay-gradient":""},"tablet":{"background-color":"var(--ast-global-color-5)","background-image":"","background-repeat":"repeat","background-position":"center center","background-size":"auto","background-attachment":"scroll","background-type":"","background-media":"","overlay-type":"","overlay-color":"","overlay-opacity":"","overlay-gradient":""},"mobile":{"background-color":"var(--ast-global-color-5)","background-image":"","background-repeat":"repeat","background-position":"center center","background-size":"auto","background-attachment":"scroll","background-type":"","background-media":"","overlay-type":"","overlay-color":"","overlay-opacity":"","overlay-gradient":""}},"footnotes":""},"categories":[8],"tags":[106],"class_list":["post-1657","post","type-post","status-publish","format-standard","has-post-thumbnail","hentry","category-sport","tag-adn-de-vinicius-junior"],"_links":{"self":[{"href":"https:\/\/lesoleil.bf\/index.php\/wp-json\/wp\/v2\/posts\/1657","targetHints":{"allow":["GET"]}}],"collection":[{"href":"https:\/\/lesoleil.bf\/index.php\/wp-json\/wp\/v2\/posts"}],"about":[{"href":"https:\/\/lesoleil.bf\/index.php\/wp-json\/wp\/v2\/types\/post"}],"author":[{"embeddable":true,"href":"https:\/\/lesoleil.bf\/index.php\/wp-json\/wp\/v2\/users\/1"}],"replies":[{"embeddable":true,"href":"https:\/\/lesoleil.bf\/index.php\/wp-json\/wp\/v2\/comments?post=1657"}],"version-history":[{"count":1,"href":"https:\/\/lesoleil.bf\/index.php\/wp-json\/wp\/v2\/posts\/1657\/revisions"}],"predecessor-version":[{"id":1660,"href":"https:\/\/lesoleil.bf\/index.php\/wp-json\/wp\/v2\/posts\/1657\/revisions\/1660"}],"wp:featuredmedia":[{"embeddable":true,"href":"https:\/\/lesoleil.bf\/index.php\/wp-json\/wp\/v2\/media\/1658"}],"wp:attachment":[{"href":"https:\/\/lesoleil.bf\/index.php\/wp-json\/wp\/v2\/media?parent=1657"}],"wp:term":[{"taxonomy":"category","embeddable":true,"href":"https:\/\/lesoleil.bf\/index.php\/wp-json\/wp\/v2\/categories?post=1657"},{"taxonomy":"post_tag","embeddable":true,"href":"https:\/\/lesoleil.bf\/index.php\/wp-json\/wp\/v2\/tags?post=1657"}],"curies":[{"name":"wp","href":"https:\/\/api.w.org\/{rel}","templated":true}]}}