{"id":1637,"date":"2024-11-18T19:09:25","date_gmt":"2024-11-18T19:09:25","guid":{"rendered":"https:\/\/lesoleil.bf\/?p=1637"},"modified":"2024-11-18T19:09:25","modified_gmt":"2024-11-18T19:09:25","slug":"religion-le-bienheureux-pere-alexandre-toe-bientot-beatifie","status":"publish","type":"post","link":"https:\/\/lesoleil.bf\/index.php\/2024\/11\/18\/religion-le-bienheureux-pere-alexandre-toe-bientot-beatifie\/","title":{"rendered":"Religion : Le Bienheureux P\u00e8re Alexandre To\u00e9 bient\u00f4t b\u00e9atifi\u00e9?"},"content":{"rendered":"<p>N\u00e9 le 2 d\u00e9cembre 1967 et d\u00e9c\u00e9d\u00e9 \u00e0 39 ans, le Bienheureux P\u00e8re TOE a b\u00e9n\u00e9fici\u00e9 d&rsquo;une messe d&rsquo;action de gr\u00e2ce pour \u00e9ventuellement sa b\u00e9atification puis canonisation.<br \/>\nC&rsquo;est cette commission qui examine son \u00e9l\u00e9vation \u00e0 ces deux niveaux vers le titre de saint qui a organis\u00e9 cette messe d&rsquo;action de gr\u00e2ce ce dimanche 17 novembre 2024 au Juv\u00e9nat Saint Camille gar\u00e7ons de Ouagadougou. Pr\u00e9sid\u00e9e par le pronvincial des religieux camilliens burkinab\u00e8, P\u00e8re Pierre Yanogo, la c\u00e9l\u00e9bration eucharistique a regroup\u00e9 le postulateur g\u00e9n\u00e9ral de l\u2019Ordre des serviteurs des malades, les contemporains du P\u00e8re TOE interrog\u00e9s comme t\u00e9moins, les fid\u00e8les chr\u00e9tiens et surtout des repr\u00e9sentants du tribunal eccl\u00e9siastique, de sa paroisse d&rsquo;origine Toma.<\/p>\n<p><img loading=\"lazy\" decoding=\"async\" class=\"alignnone size-medium wp-image-1640\" src=\"https:\/\/lesoleil.bf\/wp-content\/uploads\/2024\/11\/le-Bienheureux-Pere-TOE3-300x225.jpeg\" alt=\"\" width=\"300\" height=\"225\" srcset=\"https:\/\/lesoleil.bf\/wp-content\/uploads\/2024\/11\/le-Bienheureux-Pere-TOE3-300x225.jpeg 300w, https:\/\/lesoleil.bf\/wp-content\/uploads\/2024\/11\/le-Bienheureux-Pere-TOE3.jpeg 720w\" sizes=\"auto, (max-width: 300px) 100vw, 300px\" \/> <img loading=\"lazy\" decoding=\"async\" class=\"alignnone size-medium wp-image-1639\" src=\"https:\/\/lesoleil.bf\/wp-content\/uploads\/2024\/11\/le-Bienheureux-Pere-TOE2-300x225.jpeg\" alt=\"\" width=\"300\" height=\"225\" srcset=\"https:\/\/lesoleil.bf\/wp-content\/uploads\/2024\/11\/le-Bienheureux-Pere-TOE2-300x225.jpeg 300w, https:\/\/lesoleil.bf\/wp-content\/uploads\/2024\/11\/le-Bienheureux-Pere-TOE2.jpeg 720w\" sizes=\"auto, (max-width: 300px) 100vw, 300px\" \/> <img loading=\"lazy\" decoding=\"async\" class=\"alignnone size-medium wp-image-1638\" src=\"https:\/\/lesoleil.bf\/wp-content\/uploads\/2024\/11\/le-Bienheureux-Pere-TOE1-300x225.jpeg\" alt=\"\" width=\"300\" height=\"225\" srcset=\"https:\/\/lesoleil.bf\/wp-content\/uploads\/2024\/11\/le-Bienheureux-Pere-TOE1-300x225.jpeg 300w, https:\/\/lesoleil.bf\/wp-content\/uploads\/2024\/11\/le-Bienheureux-Pere-TOE1.jpeg 720w\" sizes=\"auto, (max-width: 300px) 100vw, 300px\" \/><\/p>\n<p>Il a plu au Vatican le 15 mars 2024 d&rsquo;ouvrir le proc\u00e8s dioc\u00e9sain en b\u00e9atification puis canonisation de ce P\u00e8re camillien auquel ses contemporains reconnaissent des qualit\u00e9s exceptionnelles de chr\u00e9tien au service de Dieu.<\/p>\n<p>Avant d&rsquo;\u00eatre reconnu Saint, le personnalit\u00e9 de P\u00e8re TOE doit passer plusieurs examens- \u00e9tapes. \u00ab Il a \u00e9t\u00e9 proclam\u00e9 serviteur de Dieu. C\u2019est donc apr\u00e8s cette \u00e9tape qu\u2019une enqu\u00eate a \u00e9t\u00e9 ouverte pour voir en profondeur quelle a \u00e9t\u00e9 sa vie. Le processus consiste \u00e0 voir s\u2019il est une personne qu\u2019on peut pr\u00e9senter au niveau universel comme un mod\u00e8le \u00bb, a expliqu\u00e9 le P\u00e8re camillien, Henry Niki\u00e8ma. Et de rench\u00e9rir, \u00ab nous faisons cette messe d\u2019action de gr\u00e2ce pour rendre gloire \u00e0 Dieu pour la vie exemplaire d\u2019Alexandre To\u00e9. En le faisant, c\u2019est Dieu que nous magnifions \u00bb, a-t-il lanc\u00e9.<\/p>\n<p>Pour le P\u00e8re Pierre Yanogo, qui a pr\u00e9sid\u00e9 les fid\u00e8les chr\u00e9tiens doivent demeurer dans la pri\u00e8re car le processus est long.<\/p>\n<p>C&rsquo;est depuis le 11 novembre 2024, que le groupe des enqu\u00eateurs constitu\u00e9 du postulateur g\u00e9n\u00e9ral de l\u2019ordre des serviteurs, Walter Vinci et des repr\u00e9sentants du tribunal eccl\u00e9siastique, s\u00e9journent au Burkina pour l\u2019audition des t\u00e9moins. En effet, ceux qui ont connu le p\u00e8re Alexandre TOE doivent t\u00e9moigner des pans entiers de sa vie terrestre.<\/p>\n<p>Outre la messe, une pri\u00e8re votive a \u00e9t\u00e9 faite sur sa tombe. Selon les religieux fins connaisseurs de ces processus, ce sont des miracles issus de ces types de pri\u00e8res et la bonne qualit\u00e9 des t\u00e9moignages qui feront du P\u00e8re TOE, pass\u00e9 ces deux \u00e9tapes ( b\u00e9atification et canonisation) un Saint un jour.<\/p>\n<p>#processusdebeatification_alexandretoe<br \/>\n#processusdecanonisation_alexandretoe<br \/>\n#messedactiondegrace_processusbeatificationetcanonisation_alexandretoe<\/p>\n<p>Ernest BONDAONE<\/p>\n","protected":false},"excerpt":{"rendered":"<p>N\u00e9 le 2 d\u00e9cembre 1967 et d\u00e9c\u00e9d\u00e9 \u00e0 39 ans, le Bienheureux P\u00e8re TOE a b\u00e9n\u00e9fici\u00e9 d&rsquo;une messe d&rsquo;action de gr\u00e2ce pour \u00e9ventuellement sa b\u00e9atification puis canonisation. C&rsquo;est cette commission qui examine son \u00e9l\u00e9vation \u00e0 ces deux niveaux vers le titre de saint qui a organis\u00e9 cette messe d&rsquo;action de gr\u00e2ce ce dimanche 17 novembre [&hellip;]<\/p>\n","protected":false},"author":1,"featured_media":1641,"comment_status":"open","ping_status":"open","sticky":false,"template":"","format":"standard","meta":{"site-sidebar-layout":"default","site-content-layout":"","ast-site-content-layout":"default","site-content-style":"default","site-sidebar-style":"default","ast-global-header-display":"","ast-banner-title-visibility":"","ast-main-header-display":"","ast-hfb-above-header-display":"","ast-hfb-below-header-display":"","ast-hfb-mobile-header-display":"","site-post-title":"","ast-breadcrumbs-content":"","ast-featured-img":"","footer-sml-layout":"","theme-transparent-header-meta":"default","adv-header-id-meta":"","stick-header-meta":"","header-above-stick-meta":"","header-main-stick-meta":"","header-below-stick-meta":"","astra-migrate-meta-layouts":"set","ast-page-background-enabled":"default","ast-page-background-meta":{"desktop":{"background-color":"var(--ast-global-color-4)","background-image":"","background-repeat":"repeat","background-position":"center center","background-size":"auto","background-attachment":"scroll","background-type":"","background-media":"","overlay-type":"","overlay-color":"","overlay-opacity":"","overlay-gradient":""},"tablet":{"background-color":"","background-image":"","background-repeat":"repeat","background-position":"center center","background-size":"auto","background-attachment":"scroll","background-type":"","background-media":"","overlay-type":"","overlay-color":"","overlay-opacity":"","overlay-gradient":""},"mobile":{"background-color":"","background-image":"","background-repeat":"repeat","background-position":"center center","background-size":"auto","background-attachment":"scroll","background-type":"","background-media":"","overlay-type":"","overlay-color":"","overlay-opacity":"","overlay-gradient":""}},"ast-content-background-meta":{"desktop":{"background-color":"var(--ast-global-color-5)","background-image":"","background-repeat":"repeat","background-position":"center center","background-size":"auto","background-attachment":"scroll","background-type":"","background-media":"","overlay-type":"","overlay-color":"","overlay-opacity":"","overlay-gradient":""},"tablet":{"background-color":"var(--ast-global-color-5)","background-image":"","background-repeat":"repeat","background-position":"center center","background-size":"auto","background-attachment":"scroll","background-type":"","background-media":"","overlay-type":"","overlay-color":"","overlay-opacity":"","overlay-gradient":""},"mobile":{"background-color":"var(--ast-global-color-5)","background-image":"","background-repeat":"repeat","background-position":"center center","background-size":"auto","background-attachment":"scroll","background-type":"","background-media":"","overlay-type":"","overlay-color":"","overlay-opacity":"","overlay-gradient":""}},"footnotes":""},"categories":[1],"tags":[],"class_list":["post-1637","post","type-post","status-publish","format-standard","has-post-thumbnail","hentry","category-annonces"],"_links":{"self":[{"href":"https:\/\/lesoleil.bf\/index.php\/wp-json\/wp\/v2\/posts\/1637","targetHints":{"allow":["GET"]}}],"collection":[{"href":"https:\/\/lesoleil.bf\/index.php\/wp-json\/wp\/v2\/posts"}],"about":[{"href":"https:\/\/lesoleil.bf\/index.php\/wp-json\/wp\/v2\/types\/post"}],"author":[{"embeddable":true,"href":"https:\/\/lesoleil.bf\/index.php\/wp-json\/wp\/v2\/users\/1"}],"replies":[{"embeddable":true,"href":"https:\/\/lesoleil.bf\/index.php\/wp-json\/wp\/v2\/comments?post=1637"}],"version-history":[{"count":1,"href":"https:\/\/lesoleil.bf\/index.php\/wp-json\/wp\/v2\/posts\/1637\/revisions"}],"predecessor-version":[{"id":1642,"href":"https:\/\/lesoleil.bf\/index.php\/wp-json\/wp\/v2\/posts\/1637\/revisions\/1642"}],"wp:featuredmedia":[{"embeddable":true,"href":"https:\/\/lesoleil.bf\/index.php\/wp-json\/wp\/v2\/media\/1641"}],"wp:attachment":[{"href":"https:\/\/lesoleil.bf\/index.php\/wp-json\/wp\/v2\/media?parent=1637"}],"wp:term":[{"taxonomy":"category","embeddable":true,"href":"https:\/\/lesoleil.bf\/index.php\/wp-json\/wp\/v2\/categories?post=1637"},{"taxonomy":"post_tag","embeddable":true,"href":"https:\/\/lesoleil.bf\/index.php\/wp-json\/wp\/v2\/tags?post=1637"}],"curies":[{"name":"wp","href":"https:\/\/api.w.org\/{rel}","templated":true}]}}