{"id":1631,"date":"2024-11-15T19:23:26","date_gmt":"2024-11-15T19:23:26","guid":{"rendered":"https:\/\/lesoleil.bf\/?p=1631"},"modified":"2024-11-15T19:25:26","modified_gmt":"2024-11-15T19:25:26","slug":"lassociation-yam-wekre-renforce-la-capacite-de-114-femmes-et-filles-pdi-victimes-de-vbg","status":"publish","type":"post","link":"https:\/\/lesoleil.bf\/index.php\/2024\/11\/15\/lassociation-yam-wekre-renforce-la-capacite-de-114-femmes-et-filles-pdi-victimes-de-vbg\/","title":{"rendered":"L&rsquo;Association Yam W\u00e9kr\u00e9 renforce la capacit\u00e9 de 114 femmes et filles PDI victimes de VBG"},"content":{"rendered":"<p>Dans le but d&rsquo;\u00e9claircir l&rsquo;opinion publique sur les r\u00e9sultats obtenus suite au \u00ab Projet de documentation des cas de violences bas\u00e9es sur le genre (VBG) subies par les femmes et filles d\u00e9plac\u00e9es internes et plaidoyer pour la prise en charge holistique des survivantes\u00bb, l&rsquo;Association Yam W\u00e9kr\u00e9 pour L&rsquo;\u00c9panouissement de la Femme (AYWEF) a convi\u00e9 les hommes et femmes des m\u00e9dias \u00e0 un point de presse le jeudi 14 novembre 2024 \u00e0 Ouagadougou.<\/p>\n<p><img loading=\"lazy\" decoding=\"async\" class=\"alignnone size-medium wp-image-1632\" src=\"https:\/\/lesoleil.bf\/wp-content\/uploads\/2024\/11\/AYWEF-1-196x300.jpeg\" alt=\"\" width=\"196\" height=\"300\" \/> <img loading=\"lazy\" decoding=\"async\" class=\"alignnone size-medium wp-image-1633\" src=\"https:\/\/lesoleil.bf\/wp-content\/uploads\/2024\/11\/AYWEF-2-300x135.jpeg\" alt=\"\" width=\"300\" height=\"135\" srcset=\"https:\/\/lesoleil.bf\/wp-content\/uploads\/2024\/11\/AYWEF-2-300x135.jpeg 300w, https:\/\/lesoleil.bf\/wp-content\/uploads\/2024\/11\/AYWEF-2.jpeg 480w\" sizes=\"auto, (max-width: 300px) 100vw, 300px\" \/> <img loading=\"lazy\" decoding=\"async\" class=\"alignnone size-medium wp-image-1634\" src=\"https:\/\/lesoleil.bf\/wp-content\/uploads\/2024\/11\/AYWEF-3-300x225.jpeg\" alt=\"\" width=\"300\" height=\"225\" srcset=\"https:\/\/lesoleil.bf\/wp-content\/uploads\/2024\/11\/AYWEF-3-300x225.jpeg 300w, https:\/\/lesoleil.bf\/wp-content\/uploads\/2024\/11\/AYWEF-3.jpeg 480w\" sizes=\"auto, (max-width: 300px) 100vw, 300px\" \/><\/p>\n<p>En effet, selon les conf\u00e9renci\u00e8res, c&rsquo;est au moins 114 cas de VBG document\u00e9s par l&rsquo;association, dont 58 cas dans la r\u00e9gion du Centre-Nord et 56 dans la r\u00e9gion de l&rsquo;Est.<\/p>\n<p>Selon Jos\u00e9phine Kiemd\u00e9 Coordinatrice de l&rsquo;association, ces 114 cas sont compos\u00e9s de 66 cas de violences psychologiques, 32 cas de violences sexuelles, 6 cas de violences \u00e9conomiques, 5 cas de violences culturelles, et 5 de violences physiques. Elle ajoute que plus de 86% de ces VBG ont index\u00e9e les ANIS comme \u00e9tant les pr\u00e9sum\u00e9s acteurs. En l&rsquo;en croire, au moins 98 survivantes de VBG ont b\u00e9n\u00e9fici\u00e9 d&rsquo;une prise en charge m\u00e9dicale et psychologique directe.<br \/>\n\u00ab ces cas de VBG ont eu lieu pendant le d\u00e9placement des populations touch\u00e9e par par la violence arm\u00e9, soit pendant les attaques, et m\u00eame au sein des communaut\u00e9s d&rsquo;accueil\u00bb, a conclu Jos\u00e9phine Kiemd\u00e9.<\/p>\n<p>L&rsquo;Association Yam W\u00e9kr\u00e9 pour L&rsquo;\u00c9panouissement de la Femme (AYWEF) est une organisation de la soci\u00e9t\u00e9 civile \u00e0 but non lucratif et apolitique. Elle compte environ une centaine de membres compos\u00e9 de femmes, de jeunes filles et gar\u00e7ons. Elle est pr\u00e9sente \u00e0 Ouagadougou et dans les communes rurales. Elle est \u00e9galement active dans les r\u00e9gions du Centre-Nord et de l&rsquo; Est. L&rsquo;objectif principal de l&rsquo;association Yam W\u00e9kr\u00e9 est d&rsquo;am\u00e9liorer le respect des droits des femmes et des jeunes filles d\u00e9plac\u00e9es internes. Et pour l&rsquo;atteinte de ces objectifs, l&rsquo;association a sp\u00e9cifi\u00e9e des objectifs sp\u00e9cifiques. Entre autres; \u00ab\u00a0Assurer une prise en charge psycho-m\u00e9dicale directe \u00e0 au moins 50 femmes et jeunes filles victimes de VBG,<br \/>\nFavoriser une prise en charge humanitaire, \u00e9conomique et juridique indirecte d&rsquo;au moins 150 victimes de VBG par les partenaires au niveau local,<br \/>\nsensibiliser et interpeller les leaders communautaires et les autorit\u00e9s locales pour le renforcement des m\u00e9canismes de protection contre les VBG et la prise en charge des victimes\u00a0\u00bb.<\/p>\n<p>#formationfemmes_yamwekre<\/p>\n<p>Fulbert ZEMBA<\/p>\n","protected":false},"excerpt":{"rendered":"<p>Dans le but d&rsquo;\u00e9claircir l&rsquo;opinion publique sur les r\u00e9sultats obtenus suite au \u00ab Projet de documentation des cas de violences bas\u00e9es sur le genre (VBG) subies par les femmes et filles d\u00e9plac\u00e9es internes et plaidoyer pour la prise en charge holistique des survivantes\u00bb, l&rsquo;Association Yam W\u00e9kr\u00e9 pour L&rsquo;\u00c9panouissement de la Femme (AYWEF) a convi\u00e9 les [&hellip;]<\/p>\n","protected":false},"author":1,"featured_media":1632,"comment_status":"open","ping_status":"open","sticky":false,"template":"","format":"standard","meta":{"site-sidebar-layout":"default","site-content-layout":"","ast-site-content-layout":"default","site-content-style":"default","site-sidebar-style":"default","ast-global-header-display":"","ast-banner-title-visibility":"","ast-main-header-display":"","ast-hfb-above-header-display":"","ast-hfb-below-header-display":"","ast-hfb-mobile-header-display":"","site-post-title":"","ast-breadcrumbs-content":"","ast-featured-img":"","footer-sml-layout":"","theme-transparent-header-meta":"default","adv-header-id-meta":"","stick-header-meta":"","header-above-stick-meta":"","header-main-stick-meta":"","header-below-stick-meta":"","astra-migrate-meta-layouts":"set","ast-page-background-enabled":"default","ast-page-background-meta":{"desktop":{"background-color":"var(--ast-global-color-4)","background-image":"","background-repeat":"repeat","background-position":"center center","background-size":"auto","background-attachment":"scroll","background-type":"","background-media":"","overlay-type":"","overlay-color":"","overlay-opacity":"","overlay-gradient":""},"tablet":{"background-color":"","background-image":"","background-repeat":"repeat","background-position":"center center","background-size":"auto","background-attachment":"scroll","background-type":"","background-media":"","overlay-type":"","overlay-color":"","overlay-opacity":"","overlay-gradient":""},"mobile":{"background-color":"","background-image":"","background-repeat":"repeat","background-position":"center center","background-size":"auto","background-attachment":"scroll","background-type":"","background-media":"","overlay-type":"","overlay-color":"","overlay-opacity":"","overlay-gradient":""}},"ast-content-background-meta":{"desktop":{"background-color":"var(--ast-global-color-5)","background-image":"","background-repeat":"repeat","background-position":"center center","background-size":"auto","background-attachment":"scroll","background-type":"","background-media":"","overlay-type":"","overlay-color":"","overlay-opacity":"","overlay-gradient":""},"tablet":{"background-color":"var(--ast-global-color-5)","background-image":"","background-repeat":"repeat","background-position":"center center","background-size":"auto","background-attachment":"scroll","background-type":"","background-media":"","overlay-type":"","overlay-color":"","overlay-opacity":"","overlay-gradient":""},"mobile":{"background-color":"var(--ast-global-color-5)","background-image":"","background-repeat":"repeat","background-position":"center center","background-size":"auto","background-attachment":"scroll","background-type":"","background-media":"","overlay-type":"","overlay-color":"","overlay-opacity":"","overlay-gradient":""}},"footnotes":""},"categories":[4],"tags":[101,102],"class_list":["post-1631","post","type-post","status-publish","format-standard","has-post-thumbnail","hentry","category-societe","tag-association-yam-wekre-pour-lepanouissement-de-la-femme","tag-aywef"],"_links":{"self":[{"href":"https:\/\/lesoleil.bf\/index.php\/wp-json\/wp\/v2\/posts\/1631","targetHints":{"allow":["GET"]}}],"collection":[{"href":"https:\/\/lesoleil.bf\/index.php\/wp-json\/wp\/v2\/posts"}],"about":[{"href":"https:\/\/lesoleil.bf\/index.php\/wp-json\/wp\/v2\/types\/post"}],"author":[{"embeddable":true,"href":"https:\/\/lesoleil.bf\/index.php\/wp-json\/wp\/v2\/users\/1"}],"replies":[{"embeddable":true,"href":"https:\/\/lesoleil.bf\/index.php\/wp-json\/wp\/v2\/comments?post=1631"}],"version-history":[{"count":1,"href":"https:\/\/lesoleil.bf\/index.php\/wp-json\/wp\/v2\/posts\/1631\/revisions"}],"predecessor-version":[{"id":1635,"href":"https:\/\/lesoleil.bf\/index.php\/wp-json\/wp\/v2\/posts\/1631\/revisions\/1635"}],"wp:featuredmedia":[{"embeddable":true,"href":"https:\/\/lesoleil.bf\/index.php\/wp-json\/wp\/v2\/media\/1632"}],"wp:attachment":[{"href":"https:\/\/lesoleil.bf\/index.php\/wp-json\/wp\/v2\/media?parent=1631"}],"wp:term":[{"taxonomy":"category","embeddable":true,"href":"https:\/\/lesoleil.bf\/index.php\/wp-json\/wp\/v2\/categories?post=1631"},{"taxonomy":"post_tag","embeddable":true,"href":"https:\/\/lesoleil.bf\/index.php\/wp-json\/wp\/v2\/tags?post=1631"}],"curies":[{"name":"wp","href":"https:\/\/api.w.org\/{rel}","templated":true}]}}