{"id":1625,"date":"2024-11-15T19:15:38","date_gmt":"2024-11-15T19:15:38","guid":{"rendered":"https:\/\/lesoleil.bf\/?p=1625"},"modified":"2024-11-15T19:15:38","modified_gmt":"2024-11-15T19:15:38","slug":"droits-humains-mouvement-dhumeur-des-travailleurs-de-cotrasis-devant-lambassade-du-maroc","status":"publish","type":"post","link":"https:\/\/lesoleil.bf\/index.php\/2024\/11\/15\/droits-humains-mouvement-dhumeur-des-travailleurs-de-cotrasis-devant-lambassade-du-maroc\/","title":{"rendered":"Droits humains: Mouvement d&rsquo;humeur des travailleurs de COTRASIS devant l&rsquo;Ambassade du Maroc."},"content":{"rendered":"<p>Afin de se faire entendre, les travailleurs de la soci\u00e9t\u00e9 COTRASIS en collaboration avec quelques responsables de la veille citoyenne ont tenue ce jeudi 7 novembre 2024 \u00e0 Ouagadougou une Sit-in sur l&rsquo;avenue Pascal Zagr\u00e9 en direction de l&rsquo;ambassade du Maroc.<\/p>\n<p>En effet, un conflit oppose la soci\u00e9t\u00e9 Marocaine \u00ab\u00a0Fenie brossette\u00a0\u00bb, \u00e0 celle de COTRASIS.<br \/>\nEn rappel, depuis 7 ans, la soci\u00e9t\u00e9 COTRASIS avait command\u00e9 des v\u00e9hicules de type remorques \u00e0 la soci\u00e9t\u00e9 marocaine \u00ab\u00a0Fenie Brossette\u00a0\u00bb qui lui aurait livr\u00e9 d\u00e8s v\u00e9hicules de mauvais qualit\u00e9s qu&rsquo;elle avait fait adapter pour les transports de marchandises.<br \/>\nMalheureusement l&rsquo;usage de ces camions n&rsquo;a pas \u00e9t\u00e9 sans cons\u00e9quence, car ces v\u00e9hicules non adapt\u00e9 \u00e0 ce type de transport \u00e0 caus\u00e9 de nombreux d\u00e9g\u00e2ts, tant mat\u00e9riels qu&rsquo;en en vie humaine.<br \/>\nLa justice ivoirienne par le biais de la cour de cassation a tranch\u00e9 en faveur de la soci\u00e9t\u00e9 COTRASIS et la soci\u00e9t\u00e9 Marocaine devrais pay\u00e9 la somme de deux milliards en terme de d\u00e9dommagement.<br \/>\nEt depuis 7 ann\u00e9e les ayant droit ne sont toujours pas entr\u00e9 en possession de leur d\u00fb.<\/p>\n<p><img loading=\"lazy\" decoding=\"async\" class=\"alignnone  wp-image-1626\" src=\"https:\/\/lesoleil.bf\/wp-content\/uploads\/2024\/11\/COTRASIS-1-300x164.jpeg\" alt=\"\" width=\"378\" height=\"207\" srcset=\"https:\/\/lesoleil.bf\/wp-content\/uploads\/2024\/11\/COTRASIS-1-300x164.jpeg 300w, https:\/\/lesoleil.bf\/wp-content\/uploads\/2024\/11\/COTRASIS-1.jpeg 455w\" sizes=\"auto, (max-width: 378px) 100vw, 378px\" \/> <img loading=\"lazy\" decoding=\"async\" class=\"alignnone  wp-image-1627\" src=\"https:\/\/lesoleil.bf\/wp-content\/uploads\/2024\/11\/COTRASIS-2-300x225.jpeg\" alt=\"\" width=\"283\" height=\"212\" srcset=\"https:\/\/lesoleil.bf\/wp-content\/uploads\/2024\/11\/COTRASIS-2-300x225.jpeg 300w, https:\/\/lesoleil.bf\/wp-content\/uploads\/2024\/11\/COTRASIS-2.jpeg 366w\" sizes=\"auto, (max-width: 283px) 100vw, 283px\" \/> <img loading=\"lazy\" decoding=\"async\" class=\"alignnone  wp-image-1628\" src=\"https:\/\/lesoleil.bf\/wp-content\/uploads\/2024\/11\/COTRASIS-3-300x185.jpeg\" alt=\"\" width=\"350\" height=\"216\" srcset=\"https:\/\/lesoleil.bf\/wp-content\/uploads\/2024\/11\/COTRASIS-3-300x185.jpeg 300w, https:\/\/lesoleil.bf\/wp-content\/uploads\/2024\/11\/COTRASIS-3.jpeg 441w\" sizes=\"auto, (max-width: 350px) 100vw, 350px\" \/><\/p>\n<p>Selon Amad\u00e9 Compaor\u00e9 concepteur de Wayignans, \u00ab le Sit-in d&rsquo;aujourd&rsquo;hui marque le 8em, nous avons remis notre dol\u00e9ances \u00e0 qui de droit et si d&rsquo;ici l\u00e0 rien n&rsquo; est fait, nous allons venir d\u00e9poser les 20 v\u00e9hicules devant l&rsquo;ambassade, car pour nous, cela repr\u00e9sente une mauvaise foi.<br \/>\nDeux milliards n&rsquo;est pas la mer \u00e0 boire pour cette soci\u00e9t\u00e9\u00bb a t-il laiss\u00e9 entendre.<\/p>\n<p>Idrissa Tond\u00e9 est le fr\u00e8re a\u00een\u00e9 de Barth\u00e9l\u00e9my Tond\u00e9 d\u00e9c\u00e9d\u00e9 par accident suite au d\u00e9crochage de l&rsquo;un des v\u00e9hicules command\u00e9. Selon lui, c&rsquo;est un abus de pouvoir de cette soci\u00e9t\u00e9 marocaine, sinon ce probl\u00e8me serait d\u00e9j\u00e0 connu son d\u00e9nouement. \u00abLe d\u00e9c\u00e8s de mon fr\u00e8re a caus\u00e9 celui de notre papa par crise. Depuis son d\u00e9part pr\u00e9matur\u00e9, tout est compliqu\u00e9, ces enfants sont l\u00e0 aucun ne va \u00e0 l&rsquo;\u00e9cole. Nous demandons \u00e0 la justice de nous aider afin que nous puissions entrer en possession de ce qui reviens \u00e0 la famille en terme de d\u00e9dommagement\u00bb. Vivement qu&rsquo;il y ait plus de respect pour la personne humaine!<\/p>\n<p>#cotradis<br \/>\n#mouvementdhumeuracotradis<\/p>\n<p>Fulbert ZEMBA<\/p>\n","protected":false},"excerpt":{"rendered":"<p>Afin de se faire entendre, les travailleurs de la soci\u00e9t\u00e9 COTRASIS en collaboration avec quelques responsables de la veille citoyenne ont tenue ce jeudi 7 novembre 2024 \u00e0 Ouagadougou une Sit-in sur l&rsquo;avenue Pascal Zagr\u00e9 en direction de l&rsquo;ambassade du Maroc. En effet, un conflit oppose la soci\u00e9t\u00e9 Marocaine \u00ab\u00a0Fenie brossette\u00a0\u00bb, \u00e0 celle de COTRASIS. [&hellip;]<\/p>\n","protected":false},"author":1,"featured_media":1629,"comment_status":"open","ping_status":"open","sticky":false,"template":"","format":"standard","meta":{"site-sidebar-layout":"default","site-content-layout":"","ast-site-content-layout":"default","site-content-style":"default","site-sidebar-style":"default","ast-global-header-display":"","ast-banner-title-visibility":"","ast-main-header-display":"","ast-hfb-above-header-display":"","ast-hfb-below-header-display":"","ast-hfb-mobile-header-display":"","site-post-title":"","ast-breadcrumbs-content":"","ast-featured-img":"","footer-sml-layout":"","theme-transparent-header-meta":"default","adv-header-id-meta":"","stick-header-meta":"","header-above-stick-meta":"","header-main-stick-meta":"","header-below-stick-meta":"","astra-migrate-meta-layouts":"set","ast-page-background-enabled":"default","ast-page-background-meta":{"desktop":{"background-color":"var(--ast-global-color-4)","background-image":"","background-repeat":"repeat","background-position":"center center","background-size":"auto","background-attachment":"scroll","background-type":"","background-media":"","overlay-type":"","overlay-color":"","overlay-opacity":"","overlay-gradient":""},"tablet":{"background-color":"","background-image":"","background-repeat":"repeat","background-position":"center center","background-size":"auto","background-attachment":"scroll","background-type":"","background-media":"","overlay-type":"","overlay-color":"","overlay-opacity":"","overlay-gradient":""},"mobile":{"background-color":"","background-image":"","background-repeat":"repeat","background-position":"center center","background-size":"auto","background-attachment":"scroll","background-type":"","background-media":"","overlay-type":"","overlay-color":"","overlay-opacity":"","overlay-gradient":""}},"ast-content-background-meta":{"desktop":{"background-color":"var(--ast-global-color-5)","background-image":"","background-repeat":"repeat","background-position":"center center","background-size":"auto","background-attachment":"scroll","background-type":"","background-media":"","overlay-type":"","overlay-color":"","overlay-opacity":"","overlay-gradient":""},"tablet":{"background-color":"var(--ast-global-color-5)","background-image":"","background-repeat":"repeat","background-position":"center center","background-size":"auto","background-attachment":"scroll","background-type":"","background-media":"","overlay-type":"","overlay-color":"","overlay-opacity":"","overlay-gradient":""},"mobile":{"background-color":"var(--ast-global-color-5)","background-image":"","background-repeat":"repeat","background-position":"center center","background-size":"auto","background-attachment":"scroll","background-type":"","background-media":"","overlay-type":"","overlay-color":"","overlay-opacity":"","overlay-gradient":""}},"footnotes":""},"categories":[9],"tags":[100,99],"class_list":["post-1625","post","type-post","status-publish","format-standard","has-post-thumbnail","hentry","category-politique","tag-cotrasis","tag-mouvement-dhumeur-acotradis"],"_links":{"self":[{"href":"https:\/\/lesoleil.bf\/index.php\/wp-json\/wp\/v2\/posts\/1625","targetHints":{"allow":["GET"]}}],"collection":[{"href":"https:\/\/lesoleil.bf\/index.php\/wp-json\/wp\/v2\/posts"}],"about":[{"href":"https:\/\/lesoleil.bf\/index.php\/wp-json\/wp\/v2\/types\/post"}],"author":[{"embeddable":true,"href":"https:\/\/lesoleil.bf\/index.php\/wp-json\/wp\/v2\/users\/1"}],"replies":[{"embeddable":true,"href":"https:\/\/lesoleil.bf\/index.php\/wp-json\/wp\/v2\/comments?post=1625"}],"version-history":[{"count":1,"href":"https:\/\/lesoleil.bf\/index.php\/wp-json\/wp\/v2\/posts\/1625\/revisions"}],"predecessor-version":[{"id":1630,"href":"https:\/\/lesoleil.bf\/index.php\/wp-json\/wp\/v2\/posts\/1625\/revisions\/1630"}],"wp:featuredmedia":[{"embeddable":true,"href":"https:\/\/lesoleil.bf\/index.php\/wp-json\/wp\/v2\/media\/1629"}],"wp:attachment":[{"href":"https:\/\/lesoleil.bf\/index.php\/wp-json\/wp\/v2\/media?parent=1625"}],"wp:term":[{"taxonomy":"category","embeddable":true,"href":"https:\/\/lesoleil.bf\/index.php\/wp-json\/wp\/v2\/categories?post=1625"},{"taxonomy":"post_tag","embeddable":true,"href":"https:\/\/lesoleil.bf\/index.php\/wp-json\/wp\/v2\/tags?post=1625"}],"curies":[{"name":"wp","href":"https:\/\/api.w.org\/{rel}","templated":true}]}}