{"id":1619,"date":"2024-11-13T10:37:18","date_gmt":"2024-11-13T10:37:18","guid":{"rendered":"https:\/\/lesoleil.bf\/?p=1619"},"modified":"2024-11-13T10:37:18","modified_gmt":"2024-11-13T10:37:18","slug":"celebration-des-65-ans-de-lenam-une-delegation-fait-le-point-au-ministre-detat-bassolma-bazie","status":"publish","type":"post","link":"https:\/\/lesoleil.bf\/index.php\/2024\/11\/13\/celebration-des-65-ans-de-lenam-une-delegation-fait-le-point-au-ministre-detat-bassolma-bazie\/","title":{"rendered":"C\u00e9l\u00e9bration des 65 ans de l\u2019ENAM : une d\u00e9l\u00e9gation fait le point au ministre d\u2019Etat, Bassolma Bazi\u00e9"},"content":{"rendered":"<p>L\u2019Ecole nationale d\u2019administration et de magistrature (#ENAM), va bient\u00f4t c\u00e9l\u00e9brer ses 65 ans d\u2019existence.<\/p>\n<p>Pour mener \u00e0 bien les pr\u00e9paratifs de cet anniversaire, une d\u00e9l\u00e9gation de l\u2019administration de cette \u00e9cole conduite par son directeur g\u00e9n\u00e9ral, Dr #Jacob_Yarabatioula, a \u00e9t\u00e9 re\u00e7ue par le ministre d\u2019Etat, ministre de la Fonction publique, du Travail et de la Protection sociale, #Bassolma_Bazi\u00e9, dans l\u2019apr\u00e8s- midi de ce mardi 12 novembre 2024, \u00e0 son cabinet, \u00e0 Ouagadougou.<\/p>\n<p><img loading=\"lazy\" decoding=\"async\" class=\"alignnone  wp-image-1620\" src=\"https:\/\/lesoleil.bf\/wp-content\/uploads\/2024\/11\/65-ans-ENAM1-300x206.jpeg\" alt=\"\" width=\"400\" height=\"275\" srcset=\"https:\/\/lesoleil.bf\/wp-content\/uploads\/2024\/11\/65-ans-ENAM1-300x206.jpeg 300w, https:\/\/lesoleil.bf\/wp-content\/uploads\/2024\/11\/65-ans-ENAM1.jpeg 720w\" sizes=\"auto, (max-width: 400px) 100vw, 400px\" \/> <img loading=\"lazy\" decoding=\"async\" class=\"alignnone  wp-image-1621\" src=\"https:\/\/lesoleil.bf\/wp-content\/uploads\/2024\/11\/65-ans-ENAM2-300x182.jpeg\" alt=\"\" width=\"454\" height=\"275\" srcset=\"https:\/\/lesoleil.bf\/wp-content\/uploads\/2024\/11\/65-ans-ENAM2-300x182.jpeg 300w, https:\/\/lesoleil.bf\/wp-content\/uploads\/2024\/11\/65-ans-ENAM2.jpeg 720w\" sizes=\"auto, (max-width: 454px) 100vw, 454px\" \/> <img loading=\"lazy\" decoding=\"async\" class=\"alignnone size-medium wp-image-1622\" src=\"https:\/\/lesoleil.bf\/wp-content\/uploads\/2024\/11\/65-ans-ENAM3-300x285.jpeg\" alt=\"\" width=\"300\" height=\"285\" srcset=\"https:\/\/lesoleil.bf\/wp-content\/uploads\/2024\/11\/65-ans-ENAM3-300x285.jpeg 300w, https:\/\/lesoleil.bf\/wp-content\/uploads\/2024\/11\/65-ans-ENAM3.jpeg 720w\" sizes=\"auto, (max-width: 300px) 100vw, 300px\" \/><\/p>\n<p>Elle est venue faire le point des pr\u00e9paratifs de cet anniversaire au ministre d\u2019Etat et recueillir ses orientations pour la bonne r\u00e9ussite de cet \u00e9v\u00e8nement, \u00e0 en croire Dr Yarabatioula.<\/p>\n<p>Pour lui, cette c\u00e9l\u00e9bration vise \u00e0 accroitre la notori\u00e9t\u00e9 et la visibilit\u00e9 de l\u2019ENAM et \u00e0 valoriser ses acquis.<\/p>\n<p>Dans sa communication, il a soulign\u00e9 que les activit\u00e9s comm\u00e9moratives des 65 ans se r\u00e9partissent en quatre tableaux.<\/p>\n<p>Le premier porte sur les c\u00e9r\u00e9monies officielles et regroupe la c\u00e9r\u00e9monie officielle d\u2019ouverture avec des d\u00e9corations \u00e0 titre exceptionnel de trente personnes dont des partenaires, des membres du conseil d\u2019administration et des agents de l\u2019ENAM.<\/p>\n<p>A cela s\u2019ajoute la c\u00e9r\u00e9monie officielle de sortie des promotions 2021-2023 et 2022-2024, l\u2019inauguration d\u2019infrastructures, les bapt\u00eames de rues et de salles de classe, une exposition photos, la r\u00e9alisation de publi-reportage et le lancement officiel des activit\u00e9s des alumni de l\u2019ENAM.<\/p>\n<p>Le deuxi\u00e8me tableau concerne les relations publiques et marketing.<\/p>\n<p>Il consiste en l\u2019organisation de la soir\u00e9e des partenaires, de comp\u00e9titions sportives et d\u2019une s\u00e9ance a\u00e9robic.<\/p>\n<p>Le troisi\u00e8me tableau comporte la conception d\u2019un logo et de gadgets ainsi que le lancement du site web, la r\u00e9alisation d\u2019un film documentaire, l\u2019\u00e9dition d\u2019un livre et la d\u00e9dicace du premier annuaire statistique de l\u2019ENAM.<\/p>\n<p>Le dernier tableau, porte sur l\u2019organisation d\u2019une conf\u00e9rence et d\u2019un colloque scientifique international.<\/p>\n<p>En plus des pr\u00e9paratifs des 65 ans de son \u00e9cole, le directeur g\u00e9n\u00e9ral de l\u2019ENAM, Dr Jacob Yarabatioula est revenu sur les r\u00e9alisations de son \u00e9quipe et les chantiers en cours.<\/p>\n<p>A la suite de cette communication, le ministre d\u2019Etat, Bassolma Bazi\u00e9, a f\u00e9licit\u00e9 l\u2019\u00e9quipe de l\u2019ENAM pour le travail abattu au quotidien pour moderniser cette \u00e9cole afin d\u2019en faire une r\u00e9f\u00e9rence en mati\u00e8re de formation des agents de l\u2019administration publique dans la sous-r\u00e9gion ouest-africaine.<\/p>\n<p>Il a donn\u00e9 des orientations pour une organisation r\u00e9ussie de cet \u00e9v\u00e8nement.<\/p>\n<p>#Ecole_nationale_d_administration_et_de_magistrature<br \/>\n#C\u00e9l\u00e9bration_des_65_ans_de_l_ENAM<br \/>\n#Une_d\u00e9l\u00e9gation_fait_le_point_au_ministre_d_Etat_Bassolma_Bazi\u00e9<br \/>\n#65e_anniversaire_de_l_ENAM<br \/>\n#Minist\u00e8re_de_la_Fonction_publique_du_Travail_et_de_la_Protection_sociale<\/p>\n<p>DCRP\/MFPTPS<\/p>\n","protected":false},"excerpt":{"rendered":"<p>L\u2019Ecole nationale d\u2019administration et de magistrature (#ENAM), va bient\u00f4t c\u00e9l\u00e9brer ses 65 ans d\u2019existence. Pour mener \u00e0 bien les pr\u00e9paratifs de cet anniversaire, une d\u00e9l\u00e9gation de l\u2019administration de cette \u00e9cole conduite par son directeur g\u00e9n\u00e9ral, Dr #Jacob_Yarabatioula, a \u00e9t\u00e9 re\u00e7ue par le ministre d\u2019Etat, ministre de la Fonction publique, du Travail et de la Protection [&hellip;]<\/p>\n","protected":false},"author":1,"featured_media":1623,"comment_status":"open","ping_status":"open","sticky":false,"template":"","format":"standard","meta":{"site-sidebar-layout":"default","site-content-layout":"","ast-site-content-layout":"default","site-content-style":"default","site-sidebar-style":"default","ast-global-header-display":"","ast-banner-title-visibility":"","ast-main-header-display":"","ast-hfb-above-header-display":"","ast-hfb-below-header-display":"","ast-hfb-mobile-header-display":"","site-post-title":"","ast-breadcrumbs-content":"","ast-featured-img":"","footer-sml-layout":"","theme-transparent-header-meta":"default","adv-header-id-meta":"","stick-header-meta":"","header-above-stick-meta":"","header-main-stick-meta":"","header-below-stick-meta":"","astra-migrate-meta-layouts":"set","ast-page-background-enabled":"default","ast-page-background-meta":{"desktop":{"background-color":"var(--ast-global-color-4)","background-image":"","background-repeat":"repeat","background-position":"center center","background-size":"auto","background-attachment":"scroll","background-type":"","background-media":"","overlay-type":"","overlay-color":"","overlay-opacity":"","overlay-gradient":""},"tablet":{"background-color":"","background-image":"","background-repeat":"repeat","background-position":"center center","background-size":"auto","background-attachment":"scroll","background-type":"","background-media":"","overlay-type":"","overlay-color":"","overlay-opacity":"","overlay-gradient":""},"mobile":{"background-color":"","background-image":"","background-repeat":"repeat","background-position":"center center","background-size":"auto","background-attachment":"scroll","background-type":"","background-media":"","overlay-type":"","overlay-color":"","overlay-opacity":"","overlay-gradient":""}},"ast-content-background-meta":{"desktop":{"background-color":"var(--ast-global-color-5)","background-image":"","background-repeat":"repeat","background-position":"center center","background-size":"auto","background-attachment":"scroll","background-type":"","background-media":"","overlay-type":"","overlay-color":"","overlay-opacity":"","overlay-gradient":""},"tablet":{"background-color":"var(--ast-global-color-5)","background-image":"","background-repeat":"repeat","background-position":"center center","background-size":"auto","background-attachment":"scroll","background-type":"","background-media":"","overlay-type":"","overlay-color":"","overlay-opacity":"","overlay-gradient":""},"mobile":{"background-color":"var(--ast-global-color-5)","background-image":"","background-repeat":"repeat","background-position":"center center","background-size":"auto","background-attachment":"scroll","background-type":"","background-media":"","overlay-type":"","overlay-color":"","overlay-opacity":"","overlay-gradient":""}},"footnotes":""},"categories":[6],"tags":[98],"class_list":["post-1619","post","type-post","status-publish","format-standard","has-post-thumbnail","hentry","category-education","tag-65-ans-de-lenam"],"_links":{"self":[{"href":"https:\/\/lesoleil.bf\/index.php\/wp-json\/wp\/v2\/posts\/1619","targetHints":{"allow":["GET"]}}],"collection":[{"href":"https:\/\/lesoleil.bf\/index.php\/wp-json\/wp\/v2\/posts"}],"about":[{"href":"https:\/\/lesoleil.bf\/index.php\/wp-json\/wp\/v2\/types\/post"}],"author":[{"embeddable":true,"href":"https:\/\/lesoleil.bf\/index.php\/wp-json\/wp\/v2\/users\/1"}],"replies":[{"embeddable":true,"href":"https:\/\/lesoleil.bf\/index.php\/wp-json\/wp\/v2\/comments?post=1619"}],"version-history":[{"count":1,"href":"https:\/\/lesoleil.bf\/index.php\/wp-json\/wp\/v2\/posts\/1619\/revisions"}],"predecessor-version":[{"id":1624,"href":"https:\/\/lesoleil.bf\/index.php\/wp-json\/wp\/v2\/posts\/1619\/revisions\/1624"}],"wp:featuredmedia":[{"embeddable":true,"href":"https:\/\/lesoleil.bf\/index.php\/wp-json\/wp\/v2\/media\/1623"}],"wp:attachment":[{"href":"https:\/\/lesoleil.bf\/index.php\/wp-json\/wp\/v2\/media?parent=1619"}],"wp:term":[{"taxonomy":"category","embeddable":true,"href":"https:\/\/lesoleil.bf\/index.php\/wp-json\/wp\/v2\/categories?post=1619"},{"taxonomy":"post_tag","embeddable":true,"href":"https:\/\/lesoleil.bf\/index.php\/wp-json\/wp\/v2\/tags?post=1619"}],"curies":[{"name":"wp","href":"https:\/\/api.w.org\/{rel}","templated":true}]}}