{"id":1609,"date":"2024-11-13T10:24:49","date_gmt":"2024-11-13T10:24:49","guid":{"rendered":"https:\/\/lesoleil.bf\/?p=1609"},"modified":"2024-11-13T10:24:49","modified_gmt":"2024-11-13T10:24:49","slug":"un-coeur-pour-la-paix-le-charge-de-mission-a-la-presidence-du-faso-au-compte-de-la-region-du-sahel-manifeste-sa-solidarite-a-nos-forces-de-defense","status":"publish","type":"post","link":"https:\/\/lesoleil.bf\/index.php\/2024\/11\/13\/un-coeur-pour-la-paix-le-charge-de-mission-a-la-presidence-du-faso-au-compte-de-la-region-du-sahel-manifeste-sa-solidarite-a-nos-forces-de-defense\/","title":{"rendered":"Un C\u0153ur pour la Paix : Le charg\u00e9 de mission \u00e0 la pr\u00e9sidence du Faso au compte de la r\u00e9gion du Sahel manifeste sa solidarit\u00e9 \u00e0 nos Forces de D\u00e9fense"},"content":{"rendered":"<p>Ce mardi 12 novembre 2024, la ville de Dori a vibr\u00e9 au rythme d&rsquo;un \u00e9lan de solidarit\u00e9 sans pr\u00e9c\u00e9dent. Sous l&rsquo;\u00e9gide de l&rsquo;initiative pr\u00e9sidentielle pour le d\u00e9veloppement communautaire, Monsieur Ali Bokoum, charg\u00e9 de mission du Sahel \u00e0 la Pr\u00e9sidence du Faso, a marqu\u00e9 les esprits en remettant un don substantiel aux Forces de D\u00e9fense et de S\u00e9curit\u00e9 (FDS). Ce geste, r\u00e9v\u00e9lateur de l&rsquo;engagement communautaire, t\u00e9moigne de la volont\u00e9 collective de soutenir nos h\u00e9ros qui \u0153uvrent jour et nuit sur les chantiers de la reconqu\u00eate de notre territoire national.<\/p>\n<p>Le don, d&rsquo;une valeur totale de 2 500 000 FCFA, comprend des vivres essentiels : riz, spaghettis, macaroni, savons, huiles et une somme d&rsquo;un million 1 000 000 FCFA. Cette contribution vise \u00e0 soutenir les FDS dans leur mission cruciale tout en renfor\u00e7ant les liens entre la population et ses protecteurs. Monsieur Bokoum, aux c\u00f4t\u00e9s de quatre commer\u00e7ants ,tous ses amis, a d\u00e9montr\u00e9 que l&rsquo;union fait la force et que chacun a un r\u00f4le \u00e0 jouer dans la qu\u00eate de la paix.<\/p>\n<p><img loading=\"lazy\" decoding=\"async\" class=\"alignnone size-medium wp-image-1614\" src=\"https:\/\/lesoleil.bf\/wp-content\/uploads\/2024\/11\/Paix5-300x225.jpeg\" alt=\"\" width=\"300\" height=\"225\" srcset=\"https:\/\/lesoleil.bf\/wp-content\/uploads\/2024\/11\/Paix5-300x225.jpeg 300w, https:\/\/lesoleil.bf\/wp-content\/uploads\/2024\/11\/Paix5.jpeg 720w\" sizes=\"auto, (max-width: 300px) 100vw, 300px\" \/> <img loading=\"lazy\" decoding=\"async\" class=\"alignnone size-medium wp-image-1613\" src=\"https:\/\/lesoleil.bf\/wp-content\/uploads\/2024\/11\/Paix4-300x225.jpeg\" alt=\"\" width=\"300\" height=\"225\" srcset=\"https:\/\/lesoleil.bf\/wp-content\/uploads\/2024\/11\/Paix4-300x225.jpeg 300w, https:\/\/lesoleil.bf\/wp-content\/uploads\/2024\/11\/Paix4.jpeg 720w\" sizes=\"auto, (max-width: 300px) 100vw, 300px\" \/> <img loading=\"lazy\" decoding=\"async\" class=\"alignnone size-medium wp-image-1611\" src=\"https:\/\/lesoleil.bf\/wp-content\/uploads\/2024\/11\/Paix2-300x225.jpeg\" alt=\"\" width=\"300\" height=\"225\" srcset=\"https:\/\/lesoleil.bf\/wp-content\/uploads\/2024\/11\/Paix2-300x225.jpeg 300w, https:\/\/lesoleil.bf\/wp-content\/uploads\/2024\/11\/Paix2.jpeg 720w\" sizes=\"auto, (max-width: 300px) 100vw, 300px\" \/><\/p>\n<p>Dans une atmosph\u00e8re empreinte d&rsquo;\u00e9motion, il a appel\u00e9 tous les commer\u00e7ants \u00e0 s&rsquo;engager dans cette dynamique, soulignant l&rsquo;importance de la participation volontaire et de la transparence dans les actions communautaires. L&rsquo;objectif est clair : faciliter la paix et la coh\u00e9sion sociale pour permettre aux d\u00e9plac\u00e9s internes de retrouver leurs villages et reconstruire leur vie.<\/p>\n<p>Le Secr\u00e9taire G\u00e9n\u00e9ral de la R\u00e9gion du Sahel a \u00e9galement pris la parole pour exprimer sa gratitude envers les donateurs. Il a encourag\u00e9 d&rsquo;autres acteurs de la soci\u00e9t\u00e9 \u00e0 rejoindre cet effort collectif, rappelant que la paix est l&rsquo;affaire de tous.<\/p>\n<p>En ces temps difficiles, l&rsquo;engagement des commer\u00e7ants de Dori d\u00e9montre qu&rsquo;ensemble, nous pouvons surmonter les d\u00e9fis et contribuer \u00e0 la renaissance de notre nation. Ce moment de solidarit\u00e9, marqu\u00e9 par des c\u0153urs g\u00e9n\u00e9reux, est un v\u00e9ritable appel \u00e0 l&rsquo;action pour une paix durable et une r\u00e9conciliation nationale.<\/p>\n<p style=\"text-align: right;\"><strong><em>Yahaya H. Barry<\/em><\/strong><br \/>\n<strong><em>Source: Horizon F.M<\/em><\/strong><\/p>\n","protected":false},"excerpt":{"rendered":"<p>Ce mardi 12 novembre 2024, la ville de Dori a vibr\u00e9 au rythme d&rsquo;un \u00e9lan de solidarit\u00e9 sans pr\u00e9c\u00e9dent. Sous l&rsquo;\u00e9gide de l&rsquo;initiative pr\u00e9sidentielle pour le d\u00e9veloppement communautaire, Monsieur Ali Bokoum, charg\u00e9 de mission du Sahel \u00e0 la Pr\u00e9sidence du Faso, a marqu\u00e9 les esprits en remettant un don substantiel aux Forces de D\u00e9fense et [&hellip;]<\/p>\n","protected":false},"author":1,"featured_media":1610,"comment_status":"open","ping_status":"open","sticky":false,"template":"","format":"standard","meta":{"site-sidebar-layout":"default","site-content-layout":"","ast-site-content-layout":"default","site-content-style":"default","site-sidebar-style":"default","ast-global-header-display":"","ast-banner-title-visibility":"","ast-main-header-display":"","ast-hfb-above-header-display":"","ast-hfb-below-header-display":"","ast-hfb-mobile-header-display":"","site-post-title":"","ast-breadcrumbs-content":"","ast-featured-img":"","footer-sml-layout":"","theme-transparent-header-meta":"default","adv-header-id-meta":"","stick-header-meta":"","header-above-stick-meta":"","header-main-stick-meta":"","header-below-stick-meta":"","astra-migrate-meta-layouts":"set","ast-page-background-enabled":"default","ast-page-background-meta":{"desktop":{"background-color":"var(--ast-global-color-4)","background-image":"","background-repeat":"repeat","background-position":"center center","background-size":"auto","background-attachment":"scroll","background-type":"","background-media":"","overlay-type":"","overlay-color":"","overlay-opacity":"","overlay-gradient":""},"tablet":{"background-color":"","background-image":"","background-repeat":"repeat","background-position":"center center","background-size":"auto","background-attachment":"scroll","background-type":"","background-media":"","overlay-type":"","overlay-color":"","overlay-opacity":"","overlay-gradient":""},"mobile":{"background-color":"","background-image":"","background-repeat":"repeat","background-position":"center center","background-size":"auto","background-attachment":"scroll","background-type":"","background-media":"","overlay-type":"","overlay-color":"","overlay-opacity":"","overlay-gradient":""}},"ast-content-background-meta":{"desktop":{"background-color":"var(--ast-global-color-5)","background-image":"","background-repeat":"repeat","background-position":"center center","background-size":"auto","background-attachment":"scroll","background-type":"","background-media":"","overlay-type":"","overlay-color":"","overlay-opacity":"","overlay-gradient":""},"tablet":{"background-color":"var(--ast-global-color-5)","background-image":"","background-repeat":"repeat","background-position":"center center","background-size":"auto","background-attachment":"scroll","background-type":"","background-media":"","overlay-type":"","overlay-color":"","overlay-opacity":"","overlay-gradient":""},"mobile":{"background-color":"var(--ast-global-color-5)","background-image":"","background-repeat":"repeat","background-position":"center center","background-size":"auto","background-attachment":"scroll","background-type":"","background-media":"","overlay-type":"","overlay-color":"","overlay-opacity":"","overlay-gradient":""}},"footnotes":""},"categories":[9],"tags":[96,18,97],"class_list":["post-1609","post","type-post","status-publish","format-standard","has-post-thumbnail","hentry","category-politique","tag-faciliter-la-paix-et-la-cohesion-sociale-au-burkina-faso","tag-solidarite","tag-ville-de-dori"],"_links":{"self":[{"href":"https:\/\/lesoleil.bf\/index.php\/wp-json\/wp\/v2\/posts\/1609","targetHints":{"allow":["GET"]}}],"collection":[{"href":"https:\/\/lesoleil.bf\/index.php\/wp-json\/wp\/v2\/posts"}],"about":[{"href":"https:\/\/lesoleil.bf\/index.php\/wp-json\/wp\/v2\/types\/post"}],"author":[{"embeddable":true,"href":"https:\/\/lesoleil.bf\/index.php\/wp-json\/wp\/v2\/users\/1"}],"replies":[{"embeddable":true,"href":"https:\/\/lesoleil.bf\/index.php\/wp-json\/wp\/v2\/comments?post=1609"}],"version-history":[{"count":1,"href":"https:\/\/lesoleil.bf\/index.php\/wp-json\/wp\/v2\/posts\/1609\/revisions"}],"predecessor-version":[{"id":1615,"href":"https:\/\/lesoleil.bf\/index.php\/wp-json\/wp\/v2\/posts\/1609\/revisions\/1615"}],"wp:featuredmedia":[{"embeddable":true,"href":"https:\/\/lesoleil.bf\/index.php\/wp-json\/wp\/v2\/media\/1610"}],"wp:attachment":[{"href":"https:\/\/lesoleil.bf\/index.php\/wp-json\/wp\/v2\/media?parent=1609"}],"wp:term":[{"taxonomy":"category","embeddable":true,"href":"https:\/\/lesoleil.bf\/index.php\/wp-json\/wp\/v2\/categories?post=1609"},{"taxonomy":"post_tag","embeddable":true,"href":"https:\/\/lesoleil.bf\/index.php\/wp-json\/wp\/v2\/tags?post=1609"}],"curies":[{"name":"wp","href":"https:\/\/api.w.org\/{rel}","templated":true}]}}