{"id":1575,"date":"2024-11-12T09:45:38","date_gmt":"2024-11-12T09:45:38","guid":{"rendered":"https:\/\/lesoleil.bf\/?p=1575"},"modified":"2024-11-12T10:03:21","modified_gmt":"2024-11-12T10:03:21","slug":"interview-du-pere-djadji-actualite-religieuse-et-oeuvre-de-solidarite","status":"publish","type":"post","link":"https:\/\/lesoleil.bf\/index.php\/2024\/11\/12\/interview-du-pere-djadji-actualite-religieuse-et-oeuvre-de-solidarite\/","title":{"rendered":"Interview du P\u00e8re Djadji : Actualit\u00e9 religieuse et \u0153uvre de solidarit\u00e9"},"content":{"rendered":"<p><strong>Le dimanche 10 novembre, nous avons rencontr\u00e9 P\u00e8re Marius Herv\u00e9 Djadji, th\u00e9ologien et cur\u00e9 de paroisse, pr\u00eatre ivoirien.<\/strong><br \/>\n<strong>Mon P\u00e8re, comme convenu, chaque trimestre nous faisons un entretien avec vous sur l\u2019actualit\u00e9 religieuse ou sur des sujets qui touchent \u00e0 la th\u00e9ologie ou \u00e0 la soci\u00e9t\u00e9.<\/strong><\/p>\n<p><strong>Que pouvez-vous dire sur l\u2019actualit\u00e9 religieuse ?<\/strong><\/p>\n<p>Merci bien pour cette consid\u00e9ration. Au niveau de l\u2019actualit\u00e9 religieuse, nous pouvons noter les d\u00e9cisions finales du synode en attendant un document d\u2019orientation. A ce niveau, j\u2019animerai une conf\u00e9rence doctrinale pour faire une analyse th\u00e9ologique sur les diff\u00e9rents points de cette assembl\u00e9e. Concernant les f\u00eates des saints et la comm\u00e9moration des d\u00e9funts, j\u2019ai d\u00e9j\u00e0 publi\u00e9 des articles sur les sens th\u00e9ologique et spirituel.<\/p>\n<p>Aujourd\u2019hui nous aimerions que vous nous \u00e9clairiez sur les activit\u00e9s \u00e9ducatives et caritatives dans lesquelles vous \u00eates beaucoup engag\u00e9s au niveau de votre village, Yaobou.<\/p>\n<p>Merci bien. A ce niveau, il faut dire que je me laisse guider et orienter par la p\u00e9ricope eschatologique de Matthieu 25 quand J\u00e9sus dit : \u00ab chaque fois que vous avez fait \u00e0 l\u2019un de ces petits c\u2019est \u00e0 moi que vous l\u2019avez fait \u00bb. A partir de l\u00e0, je me suis toujours dit qu\u2019une th\u00e9ologie sans des actes concrets de charit\u00e9 et de solidarit\u00e9, est un discours vague, une spiritualit\u00e9 en l\u2019air. C\u2019est pourquoi, avec l\u2019aide du saint Esprit, je m\u2019engage dans la solidarit\u00e9.<\/p>\n<p><img loading=\"lazy\" decoding=\"async\" class=\"alignnone wp-image-1577\" src=\"https:\/\/lesoleil.bf\/wp-content\/uploads\/2024\/11\/Pere-Djadji-300x300.jpeg\" alt=\"\" width=\"395\" height=\"395\" srcset=\"https:\/\/lesoleil.bf\/wp-content\/uploads\/2024\/11\/Pere-Djadji-300x300.jpeg 300w, https:\/\/lesoleil.bf\/wp-content\/uploads\/2024\/11\/Pere-Djadji-1024x1024.jpeg 1024w, https:\/\/lesoleil.bf\/wp-content\/uploads\/2024\/11\/Pere-Djadji-150x150.jpeg 150w, https:\/\/lesoleil.bf\/wp-content\/uploads\/2024\/11\/Pere-Djadji-768x768.jpeg 768w, https:\/\/lesoleil.bf\/wp-content\/uploads\/2024\/11\/Pere-Djadji.jpeg 1080w\" sizes=\"auto, (max-width: 395px) 100vw, 395px\" \/><img loading=\"lazy\" decoding=\"async\" class=\"alignnone wp-image-1576\" src=\"https:\/\/lesoleil.bf\/wp-content\/uploads\/2024\/11\/DOGBO-212x300.jpeg\" alt=\"\" width=\"277\" height=\"392\" srcset=\"https:\/\/lesoleil.bf\/wp-content\/uploads\/2024\/11\/DOGBO-212x300.jpeg 212w, https:\/\/lesoleil.bf\/wp-content\/uploads\/2024\/11\/DOGBO-723x1024.jpeg 723w, https:\/\/lesoleil.bf\/wp-content\/uploads\/2024\/11\/DOGBO.jpeg 763w\" sizes=\"auto, (max-width: 277px) 100vw, 277px\" \/><\/p>\n<p><strong>De mani\u00e8re concr\u00e8te qu\u2019est-ce que vous faites ?<\/strong><\/p>\n<p>Avec des amis, bienfaiteurs et hommes de bonne volont\u00e9 beaucoup d\u2019actes ont \u00e9t\u00e9 pos\u00e9s dans mon village et dans tous les endroits o\u00f9 j\u2019ai exerc\u00e9 comme pr\u00eatre en C\u00f4te d\u2019Ivoire. Depuis mon arriv\u00e9e en Belgique, une structure a \u00e9t\u00e9 mise en place, qui est l\u2019ASBL Yaobou Biya qui construit actuellement une clinique qui est en ach\u00e8vement. Avec un groupe de m\u00e9decins catholiques volontaires, cette clinique fonctionnera avec humanisme en mettant en valeur l\u2019amour du Christ pour les malades. Actuellement nous nous concentrons pour convoyer tous les m\u00e9dicaments re\u00e7us et appareils pour ouvrir la clinique.<\/p>\n<p><strong>En dehors de la clinique, vous avez aussi un Centre sportif ?<\/strong><\/p>\n<p>Non ce n\u2019est pas un Centre sportif. C\u2019est un centre \u00e9ducationnel qui int\u00e8gre beaucoup de valeurs. Depuis en Europe, surtout en Belgique, j\u2019ai pris le temps d\u2019observer le syst\u00e8me \u00e9ducatif belge. En dehors de la formation classique et m\u00eame technique, les enfants apprennent beaucoup de choses pour \u00eatre autonomes. Ils ont des jours pour le sport, l\u2019art, la formation dans les petits m\u00e9tiers qu\u2019ils re\u00e7oivent aussi dans les mouvements de jeunesse. Une jeune fille belge, n\u2019a pas besoin de peintre pour sa maison.<br \/>\nAvec des amies, elle va peindre sa maison. Un petit belge de 12 ans, sait faire la table, sait faire la plomberie et autres. Donc il y a une formation de base qui les rend autonome. C\u2019est ce que je veux exp\u00e9rimenter.<\/p>\n<p><strong>Quelle sera la particularit\u00e9 de ce centre ?<\/strong><\/p>\n<p>Dans ce Centre qui sera une \u00e9cole, en dehors de la formation intellectuelle classique, les enfants auront des outils spirituels, une \u00e9ducation morale, une formation dans les petits m\u00e9tiers d\u00e8s le bas \u00e2ge ainsi que dans l\u2019art.<br \/>\nSouvent on est \u00e9tonn\u00e9 de voir qu\u2019un petit occidental est multidisciplinaire. Mais ce n\u2019est pas compliqu\u00e9. Chez nous, nous avons du temps, mais on ne sait pas combler ce temps par un apprentissage solide qui rendra l\u2019enfant autonome demain. Nos parents le faisaient un peu avant dans l\u2019agriculture et la cuisine, mais aujourd\u2019hui, en dehors des cours, qu\u2019est-ce que les enfants re\u00e7oivent dans l\u2019ordre m\u00eame du bricolage, de l\u2019autonomie.<\/p>\n<p><strong>Mais vous avez une \u00e9quipe de football ?<\/strong><\/p>\n<p>Oui, mais c\u2019est un tout. D\u00e9j\u00e0 nous organisons des petites formations. Mais \u00e9tant donn\u00e9 que nous n\u2019avons pas encore construit l\u2019\u00e9cole, c\u2019est l\u2019\u00e9quipe de football qui est visible.<br \/>\nSinon c\u2019est tout un environnement \u00e9ducatif r\u00e9fl\u00e9chit o\u00f9 il y aura beaucoup d\u2019outils pour r\u00e9veiller en l\u2019enfant des charismes et comp\u00e9tences. C\u2019est pourquoi nous organisons un d\u00eener le 11 janvier 2025 \u00e0 la salle de la paroisse d\u2019Anono \u00e0 Abidjan pour r\u00e9colter des fonds qui nous permettront de lancer la construction de l\u2019\u00e9cole. Une fois que nous avons l\u2019\u00e9cole, nous aurons, le sport, l\u2019\u00e9ducation intellectuelle, du bricolage, l\u2019apprentissage des petits m\u00e9tiers, il y aura une v\u00e9ritable formation spirituelle pour ne pas que les enfants devenus adultes soient manipul\u00e9s spirituellement comme ce que nous voyons actuellement.<\/p>\n<p><strong>Ce centre aura-t-il un lien avec votre Espace de Formation th\u00e9ologique en ligne (EFTL) ?<\/strong><\/p>\n<p>L\u2019EFTL regroupe des comp\u00e9tences diverses, des adultes de plus de trente pays. L\u2019EFTL est le premier soutient de ce Centre qui sera le si\u00e8ge, le lieu de retraite aussi. A l\u2019EFTL il y a des hommes et des femmes qui viendront former les enfants spirituellement, et dans d\u2019autres domaines. Les la\u00efcs de l\u2019EFTL seront formateurs dans cette \u00e9cole. Ils formeront les enfants, m\u00eame en dehors de la spiritualit\u00e9. Et si l\u2019exp\u00e9rience marche \u00e0 Yaobou, pourquoi ne pas exporter cela dans un autre pays.<\/p>\n<p><strong>Ce centre sera constitu\u00e9 de quoi ?<\/strong><\/p>\n<p>D\u00e9j\u00e0 il y a la clinique. Sur le m\u00eame espace que la clinique, nous aurons des classes, des ateliers, l\u2019oratoire, une biblioth\u00e8que moderne, un foyer. Au niveau de la biblioth\u00e8que, j\u2019ai d\u00e9j\u00e0 re\u00e7u plus de 3000 livres. Il ne faut pas oublier qu\u2019\u00e0 la base je suis enseignant d\u2019universit\u00e9s donc plusieurs structures, amis et professeurs ont fait dons de livres.<\/p>\n<p><strong>Le projet n\u2019est pas trop grand ?<\/strong><\/p>\n<p>Dieu est grand mais l\u2019homme aussi n\u2019est pas petit. C\u2019est parce que je suis Africain que mes fr\u00e8res pensent que c\u2019est impossible. Quand les religieux europ\u00e9ens arrivent en Afrique et cr\u00e9ent de grands Centres \u00e9ducationnels, on trouve cela normal. Avec l\u2019aide de Dieu et de toutes les bonnes volont\u00e9s, on peut tout faire. Il faut croire en Dieu et avoir foi en sa conscience et aux dons re\u00e7us depuis le bapt\u00eame.<\/p>\n<p><strong>Votre mot de fin ?<\/strong><\/p>\n<p>J\u2019invite tout le monde \u00e0 prendre le ticket du repas qui est \u00e0 30euros en contactant les num\u00e9ros suivants : 002250709207671 ; 002250565746396 Mme Gom\u00e9 Sidonie Kra ou 002250707355345 Mme Ouattara. M\u00eame si vous \u00eates en dehors de la C\u00f4te d\u2019Ivoire ou emp\u00each\u00e9s, offrez des tickets. Ces genres de projets en zone rurale, peuvent freiner l\u2019enr\u00f4lement des jeunes dans les r\u00e9bellions dans nos pays. Rien n\u2019est impossible \u00e0 celui qui croit.<\/p>\n<p style=\"text-align: right;\"><em><strong>Entretien r\u00e9alis\u00e9 par le M\u00e9dia en ligne : <\/strong><\/em><\/p>\n<p style=\"text-align: right;\"><em><strong>Diaspo-catho-africa en collaboration avec d&rsquo;autres structures.<\/strong><\/em><\/p>\n","protected":false},"excerpt":{"rendered":"<p>Le dimanche 10 novembre, nous avons rencontr\u00e9 P\u00e8re Marius Herv\u00e9 Djadji, th\u00e9ologien et cur\u00e9 de paroisse, pr\u00eatre ivoirien. Mon P\u00e8re, comme convenu, chaque trimestre nous faisons un entretien avec vous sur l\u2019actualit\u00e9 religieuse ou sur des sujets qui touchent \u00e0 la th\u00e9ologie ou \u00e0 la soci\u00e9t\u00e9. Que pouvez-vous dire sur l\u2019actualit\u00e9 religieuse ? Merci bien [&hellip;]<\/p>\n","protected":false},"author":1,"featured_media":1580,"comment_status":"open","ping_status":"open","sticky":false,"template":"","format":"standard","meta":{"site-sidebar-layout":"default","site-content-layout":"","ast-site-content-layout":"default","site-content-style":"default","site-sidebar-style":"default","ast-global-header-display":"","ast-banner-title-visibility":"","ast-main-header-display":"","ast-hfb-above-header-display":"","ast-hfb-below-header-display":"","ast-hfb-mobile-header-display":"","site-post-title":"","ast-breadcrumbs-content":"","ast-featured-img":"","footer-sml-layout":"","theme-transparent-header-meta":"default","adv-header-id-meta":"","stick-header-meta":"","header-above-stick-meta":"","header-main-stick-meta":"","header-below-stick-meta":"","astra-migrate-meta-layouts":"set","ast-page-background-enabled":"default","ast-page-background-meta":{"desktop":{"background-color":"var(--ast-global-color-4)","background-image":"","background-repeat":"repeat","background-position":"center center","background-size":"auto","background-attachment":"scroll","background-type":"","background-media":"","overlay-type":"","overlay-color":"","overlay-opacity":"","overlay-gradient":""},"tablet":{"background-color":"","background-image":"","background-repeat":"repeat","background-position":"center center","background-size":"auto","background-attachment":"scroll","background-type":"","background-media":"","overlay-type":"","overlay-color":"","overlay-opacity":"","overlay-gradient":""},"mobile":{"background-color":"","background-image":"","background-repeat":"repeat","background-position":"center center","background-size":"auto","background-attachment":"scroll","background-type":"","background-media":"","overlay-type":"","overlay-color":"","overlay-opacity":"","overlay-gradient":""}},"ast-content-background-meta":{"desktop":{"background-color":"var(--ast-global-color-5)","background-image":"","background-repeat":"repeat","background-position":"center center","background-size":"auto","background-attachment":"scroll","background-type":"","background-media":"","overlay-type":"","overlay-color":"","overlay-opacity":"","overlay-gradient":""},"tablet":{"background-color":"var(--ast-global-color-5)","background-image":"","background-repeat":"repeat","background-position":"center center","background-size":"auto","background-attachment":"scroll","background-type":"","background-media":"","overlay-type":"","overlay-color":"","overlay-opacity":"","overlay-gradient":""},"mobile":{"background-color":"var(--ast-global-color-5)","background-image":"","background-repeat":"repeat","background-position":"center center","background-size":"auto","background-attachment":"scroll","background-type":"","background-media":"","overlay-type":"","overlay-color":"","overlay-opacity":"","overlay-gradient":""}},"footnotes":""},"categories":[4],"tags":[],"class_list":["post-1575","post","type-post","status-publish","format-standard","has-post-thumbnail","hentry","category-societe"],"_links":{"self":[{"href":"https:\/\/lesoleil.bf\/index.php\/wp-json\/wp\/v2\/posts\/1575","targetHints":{"allow":["GET"]}}],"collection":[{"href":"https:\/\/lesoleil.bf\/index.php\/wp-json\/wp\/v2\/posts"}],"about":[{"href":"https:\/\/lesoleil.bf\/index.php\/wp-json\/wp\/v2\/types\/post"}],"author":[{"embeddable":true,"href":"https:\/\/lesoleil.bf\/index.php\/wp-json\/wp\/v2\/users\/1"}],"replies":[{"embeddable":true,"href":"https:\/\/lesoleil.bf\/index.php\/wp-json\/wp\/v2\/comments?post=1575"}],"version-history":[{"count":1,"href":"https:\/\/lesoleil.bf\/index.php\/wp-json\/wp\/v2\/posts\/1575\/revisions"}],"predecessor-version":[{"id":1579,"href":"https:\/\/lesoleil.bf\/index.php\/wp-json\/wp\/v2\/posts\/1575\/revisions\/1579"}],"wp:featuredmedia":[{"embeddable":true,"href":"https:\/\/lesoleil.bf\/index.php\/wp-json\/wp\/v2\/media\/1580"}],"wp:attachment":[{"href":"https:\/\/lesoleil.bf\/index.php\/wp-json\/wp\/v2\/media?parent=1575"}],"wp:term":[{"taxonomy":"category","embeddable":true,"href":"https:\/\/lesoleil.bf\/index.php\/wp-json\/wp\/v2\/categories?post=1575"},{"taxonomy":"post_tag","embeddable":true,"href":"https:\/\/lesoleil.bf\/index.php\/wp-json\/wp\/v2\/tags?post=1575"}],"curies":[{"name":"wp","href":"https:\/\/api.w.org\/{rel}","templated":true}]}}