{"id":1571,"date":"2024-11-12T09:32:43","date_gmt":"2024-11-12T09:32:43","guid":{"rendered":"https:\/\/lesoleil.bf\/?p=1571"},"modified":"2024-11-12T09:32:43","modified_gmt":"2024-11-12T09:32:43","slug":"enseignement-superieur-un-colloque-sur-les-pratiques-en-com-et-journalisme","status":"publish","type":"post","link":"https:\/\/lesoleil.bf\/index.php\/2024\/11\/12\/enseignement-superieur-un-colloque-sur-les-pratiques-en-com-et-journalisme\/","title":{"rendered":"Enseignement sup\u00e9rieur : Un colloque sur les pratiques en com et journalisme"},"content":{"rendered":"<p>\u00c0 l&rsquo;heure o\u00f9 les d\u00e9bats sur la libert\u00e9 d&rsquo;expression en situation de crise est sur toutes les l\u00e8vres des praticiens de l&rsquo;information et de la communication, un colloque va ressasser les questions cruciales du domaine \u00e0 l&rsquo;universit\u00e9 Joseph Ki-Zerbo.<br \/>\nEn effet, du 14 au 16 novembre, les enseignants-chercheurs, les \u00e9tudiants et \u00e9tudiantes, les hommes de m\u00e9dias vont se rassembler autour d&rsquo;une Agora sous forme de colloque.<br \/>\nLe premier jour, les choses commencent de fort belle mani\u00e8re avec la Conf\u00e9rence inaugurale le 14 novembre prochain avec la conf\u00e9rence anim\u00e9e par le Professeur Serges Th\u00e9ophile BALIMA dans la salle des actes du b\u00e2timent PSUT de l\u2019Universite Joseph Ki-Zerbo.<br \/>\nPar la suite, les pr\u00e9sentations porteront sur quatre (4) axes \u00e0 savoir :<\/p>\n<ul>\n<li>&lt;&lt;les nouvelles formes de productivit\u00e9, de circulation et de consommation de l\u2019information&gt;&gt;,<\/li>\n<li>&lt;&lt;les nouveaux modes d\u2019expression citoyenne : facteurs de promotion de la d\u00e9sinformation ou de la parole publique?&gt;&gt;,<\/li>\n<li>&lt;&lt;les d\u00e9fis de la gouvernance des entreprises et des organisations face aux r\u00e9seaux sociaux num\u00e9riques&gt;&gt;,<br \/>\n&lt;&lt;Contexte de crise et appel \u00e0 une r\u00e9invention des m\u00e9tiers de l\u2019information et de la communication&gt;&gt;.<\/li>\n<\/ul>\n<p>\u00c0 en croire les animateurs de la conf\u00e9rence de presse tenue le 5 novembre 2024 \u00e0 l&rsquo;universit\u00e9, les enseignants-chercheurs, les hommes de m\u00e9dias sur le terrain sont concern\u00e9s par ce colloque.<br \/>\nAu total, ce sont 250 participant et participantes qui sont attendus \u00e0 cet \u00e9v\u00e9nement capital pour les hommes de medias.<\/p>\n<p><img loading=\"lazy\" decoding=\"async\" class=\"alignnone wp-image-1572 size-large\" src=\"https:\/\/lesoleil.bf\/wp-content\/uploads\/2024\/11\/COLLOQUE-1024x461.gif\" alt=\"\" width=\"1024\" height=\"461\" srcset=\"https:\/\/lesoleil.bf\/wp-content\/uploads\/2024\/11\/COLLOQUE-1024x461.gif 1024w, https:\/\/lesoleil.bf\/wp-content\/uploads\/2024\/11\/COLLOQUE-300x135.gif 300w, https:\/\/lesoleil.bf\/wp-content\/uploads\/2024\/11\/COLLOQUE-768x346.gif 768w\" sizes=\"auto, (max-width: 1024px) 100vw, 1024px\" \/><\/p>\n<p>\u00c0 en croire, les organisateurs, les communicateurs viendront du Burkina et de d&rsquo;autres pays tels le B\u00e9nin, le Cameroun, la Cote d\u2019ivoire, le Gabon, le Congo, le Maroc, le Togo et la France,<\/p>\n<p>attendus \u00e0 ce colloque international de trois jours, qui reste ouvert au grand public.<\/p>\n<p>&lt;&lt;Cette activit\u00e9 est un peu plus du c\u00f4t\u00e9 de la recherche, mais c\u2019est la recherche qui alimente nos enseignements et qui nous donne des \u00e9l\u00e9ments pour \u00eatre plus efficace en terme d\u2019appui \u00e0 la communaut\u00e9. Des dispositions ont \u00e9t\u00e9 prises pour une pleine participation des \u00e9tudiants de la 1\u00e8re \u00e0 la 3e ann\u00e9e de Licence et ceux des Masters, pour qu\u2019ils puissent s\u2019impr\u00e9gner des r\u00e9flexes du chercheur&gt;&gt;, a d\u00e9clar\u00e9 Dr Lacina KABORE, Directeur de l&rsquo;IPERMIC.<\/p>\n<p>#colloque_TIC<br \/>\n#colloquetic_universitejosephkizerbo<\/p>\n<p style=\"text-align: right;\"><strong><em>Ernest BONDAONE<\/em><\/strong><\/p>\n","protected":false},"excerpt":{"rendered":"<p>\u00c0 l&rsquo;heure o\u00f9 les d\u00e9bats sur la libert\u00e9 d&rsquo;expression en situation de crise est sur toutes les l\u00e8vres des praticiens de l&rsquo;information et de la communication, un colloque va ressasser les questions cruciales du domaine \u00e0 l&rsquo;universit\u00e9 Joseph Ki-Zerbo. En effet, du 14 au 16 novembre, les enseignants-chercheurs, les \u00e9tudiants et \u00e9tudiantes, les hommes de [&hellip;]<\/p>\n","protected":false},"author":1,"featured_media":1573,"comment_status":"open","ping_status":"open","sticky":false,"template":"","format":"standard","meta":{"site-sidebar-layout":"default","site-content-layout":"","ast-site-content-layout":"default","site-content-style":"default","site-sidebar-style":"default","ast-global-header-display":"","ast-banner-title-visibility":"","ast-main-header-display":"","ast-hfb-above-header-display":"","ast-hfb-below-header-display":"","ast-hfb-mobile-header-display":"","site-post-title":"","ast-breadcrumbs-content":"","ast-featured-img":"","footer-sml-layout":"","theme-transparent-header-meta":"default","adv-header-id-meta":"","stick-header-meta":"","header-above-stick-meta":"","header-main-stick-meta":"","header-below-stick-meta":"","astra-migrate-meta-layouts":"set","ast-page-background-enabled":"default","ast-page-background-meta":{"desktop":{"background-color":"var(--ast-global-color-4)","background-image":"","background-repeat":"repeat","background-position":"center center","background-size":"auto","background-attachment":"scroll","background-type":"","background-media":"","overlay-type":"","overlay-color":"","overlay-opacity":"","overlay-gradient":""},"tablet":{"background-color":"","background-image":"","background-repeat":"repeat","background-position":"center center","background-size":"auto","background-attachment":"scroll","background-type":"","background-media":"","overlay-type":"","overlay-color":"","overlay-opacity":"","overlay-gradient":""},"mobile":{"background-color":"","background-image":"","background-repeat":"repeat","background-position":"center center","background-size":"auto","background-attachment":"scroll","background-type":"","background-media":"","overlay-type":"","overlay-color":"","overlay-opacity":"","overlay-gradient":""}},"ast-content-background-meta":{"desktop":{"background-color":"var(--ast-global-color-5)","background-image":"","background-repeat":"repeat","background-position":"center center","background-size":"auto","background-attachment":"scroll","background-type":"","background-media":"","overlay-type":"","overlay-color":"","overlay-opacity":"","overlay-gradient":""},"tablet":{"background-color":"var(--ast-global-color-5)","background-image":"","background-repeat":"repeat","background-position":"center center","background-size":"auto","background-attachment":"scroll","background-type":"","background-media":"","overlay-type":"","overlay-color":"","overlay-opacity":"","overlay-gradient":""},"mobile":{"background-color":"var(--ast-global-color-5)","background-image":"","background-repeat":"repeat","background-position":"center center","background-size":"auto","background-attachment":"scroll","background-type":"","background-media":"","overlay-type":"","overlay-color":"","overlay-opacity":"","overlay-gradient":""}},"footnotes":""},"categories":[6],"tags":[93],"class_list":["post-1571","post","type-post","status-publish","format-standard","has-post-thumbnail","hentry","category-education","tag-colloque_tic"],"_links":{"self":[{"href":"https:\/\/lesoleil.bf\/index.php\/wp-json\/wp\/v2\/posts\/1571","targetHints":{"allow":["GET"]}}],"collection":[{"href":"https:\/\/lesoleil.bf\/index.php\/wp-json\/wp\/v2\/posts"}],"about":[{"href":"https:\/\/lesoleil.bf\/index.php\/wp-json\/wp\/v2\/types\/post"}],"author":[{"embeddable":true,"href":"https:\/\/lesoleil.bf\/index.php\/wp-json\/wp\/v2\/users\/1"}],"replies":[{"embeddable":true,"href":"https:\/\/lesoleil.bf\/index.php\/wp-json\/wp\/v2\/comments?post=1571"}],"version-history":[{"count":1,"href":"https:\/\/lesoleil.bf\/index.php\/wp-json\/wp\/v2\/posts\/1571\/revisions"}],"predecessor-version":[{"id":1574,"href":"https:\/\/lesoleil.bf\/index.php\/wp-json\/wp\/v2\/posts\/1571\/revisions\/1574"}],"wp:featuredmedia":[{"embeddable":true,"href":"https:\/\/lesoleil.bf\/index.php\/wp-json\/wp\/v2\/media\/1573"}],"wp:attachment":[{"href":"https:\/\/lesoleil.bf\/index.php\/wp-json\/wp\/v2\/media?parent=1571"}],"wp:term":[{"taxonomy":"category","embeddable":true,"href":"https:\/\/lesoleil.bf\/index.php\/wp-json\/wp\/v2\/categories?post=1571"},{"taxonomy":"post_tag","embeddable":true,"href":"https:\/\/lesoleil.bf\/index.php\/wp-json\/wp\/v2\/tags?post=1571"}],"curies":[{"name":"wp","href":"https:\/\/api.w.org\/{rel}","templated":true}]}}