{"id":1529,"date":"2024-10-30T21:27:02","date_gmt":"2024-10-30T21:27:02","guid":{"rendered":"https:\/\/lesoleil.bf\/?p=1529"},"modified":"2024-10-30T21:27:02","modified_gmt":"2024-10-30T21:27:02","slug":"securite-ladji-yoro-plus-present-aux-cotes-des-vdp","status":"publish","type":"post","link":"https:\/\/lesoleil.bf\/index.php\/2024\/10\/30\/securite-ladji-yoro-plus-present-aux-cotes-des-vdp\/","title":{"rendered":"S\u00e9curit\u00e9 : Ladji Yoro plus pr\u00e9sent aux c\u00f4t\u00e9s des VDP"},"content":{"rendered":"<p>Il a pass\u00e9 sa vie en tant que VDP et immortalis\u00e9 il ne peut qu&rsquo;\u00eatre heureux. Ce mardi 29 octobre 2024, le ministre d\u2019Etat en charge de la D\u00e9fense, Kassoum Coulibaly a baptis\u00e9 la place d\u2019Armes situ\u00e9e au sein de la Brigade des Volontaires pour la D\u00e9fense de la Patrie ( BVDP). D\u00e9sormais il faut l&rsquo;appeler \u00ab\u00a0place d\u2019Armes Ladji Yoro\u00a0\u00bb \u00e0 Ouagadougou en hommage \u00e0 ce combattant VDP qui a combattu aux c\u00f4t\u00e9s des Forces de d\u00e9fense et de s\u00e9curit\u00e9 (FDS) pour la lib\u00e9ration de notre territoire.<br \/>\nAu Burkina Faso, Ladji Yoro est une figure importante de la lutte antiterroriste au Burkina Faso tomb\u00e9e le 23 d\u00e9cembre 2021 dans le nord du Burkina Faso.<br \/>\nUn bel hommage \u00e0 un leader et c&rsquo;est bien m\u00e9rit\u00e9!<\/p>\n<p><img loading=\"lazy\" decoding=\"async\" class=\"alignnone wp-image-1531\" src=\"https:\/\/lesoleil.bf\/wp-content\/uploads\/2024\/10\/Ladji-YORO2-300x169.jpeg\" alt=\"\" width=\"627\" height=\"353\" srcset=\"https:\/\/lesoleil.bf\/wp-content\/uploads\/2024\/10\/Ladji-YORO2-300x169.jpeg 300w, https:\/\/lesoleil.bf\/wp-content\/uploads\/2024\/10\/Ladji-YORO2-768x432.jpeg 768w, https:\/\/lesoleil.bf\/wp-content\/uploads\/2024\/10\/Ladji-YORO2.jpeg 1000w\" sizes=\"auto, (max-width: 627px) 100vw, 627px\" \/> <img loading=\"lazy\" decoding=\"async\" class=\"alignnone wp-image-1530\" src=\"https:\/\/lesoleil.bf\/wp-content\/uploads\/2024\/10\/Ladji-YORO1-300x169.jpeg\" alt=\"\" width=\"642\" height=\"362\" srcset=\"https:\/\/lesoleil.bf\/wp-content\/uploads\/2024\/10\/Ladji-YORO1-300x169.jpeg 300w, https:\/\/lesoleil.bf\/wp-content\/uploads\/2024\/10\/Ladji-YORO1-768x432.jpeg 768w, https:\/\/lesoleil.bf\/wp-content\/uploads\/2024\/10\/Ladji-YORO1.jpeg 1000w\" sizes=\"auto, (max-width: 642px) 100vw, 642px\" \/><\/p>\n<p>Roger SAWADOGO<\/p>\n","protected":false},"excerpt":{"rendered":"<p>Il a pass\u00e9 sa vie en tant que VDP et immortalis\u00e9 il ne peut qu&rsquo;\u00eatre heureux. Ce mardi 29 octobre 2024, le ministre d\u2019Etat en charge de la D\u00e9fense, Kassoum Coulibaly a baptis\u00e9 la place d\u2019Armes situ\u00e9e au sein de la Brigade des Volontaires pour la D\u00e9fense de la Patrie ( BVDP). D\u00e9sormais il faut [&hellip;]<\/p>\n","protected":false},"author":1,"featured_media":1532,"comment_status":"open","ping_status":"open","sticky":false,"template":"","format":"standard","meta":{"site-sidebar-layout":"default","site-content-layout":"","ast-site-content-layout":"default","site-content-style":"default","site-sidebar-style":"default","ast-global-header-display":"","ast-banner-title-visibility":"","ast-main-header-display":"","ast-hfb-above-header-display":"","ast-hfb-below-header-display":"","ast-hfb-mobile-header-display":"","site-post-title":"","ast-breadcrumbs-content":"","ast-featured-img":"","footer-sml-layout":"","theme-transparent-header-meta":"default","adv-header-id-meta":"","stick-header-meta":"","header-above-stick-meta":"","header-main-stick-meta":"","header-below-stick-meta":"","astra-migrate-meta-layouts":"set","ast-page-background-enabled":"default","ast-page-background-meta":{"desktop":{"background-color":"var(--ast-global-color-4)","background-image":"","background-repeat":"repeat","background-position":"center center","background-size":"auto","background-attachment":"scroll","background-type":"","background-media":"","overlay-type":"","overlay-color":"","overlay-opacity":"","overlay-gradient":""},"tablet":{"background-color":"","background-image":"","background-repeat":"repeat","background-position":"center center","background-size":"auto","background-attachment":"scroll","background-type":"","background-media":"","overlay-type":"","overlay-color":"","overlay-opacity":"","overlay-gradient":""},"mobile":{"background-color":"","background-image":"","background-repeat":"repeat","background-position":"center center","background-size":"auto","background-attachment":"scroll","background-type":"","background-media":"","overlay-type":"","overlay-color":"","overlay-opacity":"","overlay-gradient":""}},"ast-content-background-meta":{"desktop":{"background-color":"var(--ast-global-color-5)","background-image":"","background-repeat":"repeat","background-position":"center center","background-size":"auto","background-attachment":"scroll","background-type":"","background-media":"","overlay-type":"","overlay-color":"","overlay-opacity":"","overlay-gradient":""},"tablet":{"background-color":"var(--ast-global-color-5)","background-image":"","background-repeat":"repeat","background-position":"center center","background-size":"auto","background-attachment":"scroll","background-type":"","background-media":"","overlay-type":"","overlay-color":"","overlay-opacity":"","overlay-gradient":""},"mobile":{"background-color":"var(--ast-global-color-5)","background-image":"","background-repeat":"repeat","background-position":"center center","background-size":"auto","background-attachment":"scroll","background-type":"","background-media":"","overlay-type":"","overlay-color":"","overlay-opacity":"","overlay-gradient":""}},"footnotes":""},"categories":[15],"tags":[78],"class_list":["post-1529","post","type-post","status-publish","format-standard","has-post-thumbnail","hentry","category-securite","tag-place-darmes-ladji-yor"],"_links":{"self":[{"href":"https:\/\/lesoleil.bf\/index.php\/wp-json\/wp\/v2\/posts\/1529","targetHints":{"allow":["GET"]}}],"collection":[{"href":"https:\/\/lesoleil.bf\/index.php\/wp-json\/wp\/v2\/posts"}],"about":[{"href":"https:\/\/lesoleil.bf\/index.php\/wp-json\/wp\/v2\/types\/post"}],"author":[{"embeddable":true,"href":"https:\/\/lesoleil.bf\/index.php\/wp-json\/wp\/v2\/users\/1"}],"replies":[{"embeddable":true,"href":"https:\/\/lesoleil.bf\/index.php\/wp-json\/wp\/v2\/comments?post=1529"}],"version-history":[{"count":1,"href":"https:\/\/lesoleil.bf\/index.php\/wp-json\/wp\/v2\/posts\/1529\/revisions"}],"predecessor-version":[{"id":1533,"href":"https:\/\/lesoleil.bf\/index.php\/wp-json\/wp\/v2\/posts\/1529\/revisions\/1533"}],"wp:featuredmedia":[{"embeddable":true,"href":"https:\/\/lesoleil.bf\/index.php\/wp-json\/wp\/v2\/media\/1532"}],"wp:attachment":[{"href":"https:\/\/lesoleil.bf\/index.php\/wp-json\/wp\/v2\/media?parent=1529"}],"wp:term":[{"taxonomy":"category","embeddable":true,"href":"https:\/\/lesoleil.bf\/index.php\/wp-json\/wp\/v2\/categories?post=1529"},{"taxonomy":"post_tag","embeddable":true,"href":"https:\/\/lesoleil.bf\/index.php\/wp-json\/wp\/v2\/tags?post=1529"}],"curies":[{"name":"wp","href":"https:\/\/api.w.org\/{rel}","templated":true}]}}