{"id":1522,"date":"2024-10-30T21:16:19","date_gmt":"2024-10-30T21:16:19","guid":{"rendered":"https:\/\/lesoleil.bf\/?p=1522"},"modified":"2024-10-30T21:21:20","modified_gmt":"2024-10-30T21:21:20","slug":"enseignement-superieur-en-quoi-le-maitre-youssouf-ouedraogo-est-il-une-espece-rare","status":"publish","type":"post","link":"https:\/\/lesoleil.bf\/index.php\/2024\/10\/30\/enseignement-superieur-en-quoi-le-maitre-youssouf-ouedraogo-est-il-une-espece-rare\/","title":{"rendered":"Enseignement sup\u00e9rieur : En quoi le ma\u00eetre Youssouf OUEDRAOGO est-il une esp\u00e8ce rare?"},"content":{"rendered":"<p>Le 23 octobre 2024, ils etaient nombreux les participants et participantes \u00e0 suivre la &lt;&lt;derni\u00e8re le\u00e7on&gt;&gt; du Professeur Youssouf OUEDRAOGO, Professeur titulaire de Grammaire fran\u00e7aise et de linguistique. \u00c0 l&rsquo;universit\u00e9 de Ouagadougou, actuel Universit\u00e9 Joseph Ki-Zerbo, ce ma\u00eetre modeste avait \u00e0 ses c\u00f4t\u00e9s les \u00e9tudiants et \u00e9tudiantes qu&rsquo;il a form\u00e9 et qui sont aujourd&rsquo;hui ses coll\u00e8gues des universit\u00e9s au Burkina et \u00e0 travers le monde. Le bon universitaire se mesure \u00e0 l\u2019aune du nombre de disciples form\u00e9s et de la qualit\u00e9 de ces derniers. \u00e9tudiants et \u00e9tudiantes.<br \/>\nPour cause:<br \/>\n&#8211; Le Professeur est le 1er burkinab\u00e8 a enseigner la grammaire fran\u00e7aise \u00e0 l&rsquo;universit\u00e9 de Ouagadougou.<br \/>\n&#8211; Sous sa direction, 118 m\u00e9moires de ma\u00eetrise, de DEA et de Master.<br \/>\n&#8211; Il \u00e0 dirig\u00e9 18 th\u00e8ses de doctorat dont 3 en co-direction.<br \/>\nEn prenant sa retraite officielle, il a encore:<br \/>\n&#8211; sous la main 14 m\u00e9moires dirig\u00e9s<br \/>\n&#8211; 4 masters<br \/>\n&#8211; 10 th\u00e8ses de doctorat<br \/>\nAu plan administratif, Pr Youssouf OUEDRAOGO a \u00e9t\u00e9 Chef de d\u00e9partement Lettres modernes de 1999-2002.Il a \u00e9t\u00e9 Secr\u00e9taire g\u00e9n\u00e9ral adjoint de l&rsquo;UFR LAC du 4 mai 2004 au 7 septembre 2024. Il fut r\u00e9cemment Responsable du Master en Sciences du Langage et Strat\u00e9gies du d\u00e9partement de Lettres modernes.<\/p>\n<p>Peu d&rsquo;enseignants-chercheurs peuvent s&rsquo;enorgueillir d&rsquo;une telle moisson. Et \u00e0 l&rsquo;universit\u00e9 de Ouagadougou cette espece rare foisonne!<\/p>\n<p><img loading=\"lazy\" decoding=\"async\" class=\"alignnone wp-image-1525 \" src=\"https:\/\/lesoleil.bf\/wp-content\/uploads\/2024\/10\/Enseignement-superieur-1-1024x768.jpeg\" alt=\"\" width=\"779\" height=\"584\" srcset=\"https:\/\/lesoleil.bf\/wp-content\/uploads\/2024\/10\/Enseignement-superieur-1-1024x768.jpeg 1024w, https:\/\/lesoleil.bf\/wp-content\/uploads\/2024\/10\/Enseignement-superieur-1-300x225.jpeg 300w, https:\/\/lesoleil.bf\/wp-content\/uploads\/2024\/10\/Enseignement-superieur-1-768x576.jpeg 768w, https:\/\/lesoleil.bf\/wp-content\/uploads\/2024\/10\/Enseignement-superieur-1.jpeg 1040w\" sizes=\"auto, (max-width: 779px) 100vw, 779px\" \/> <img loading=\"lazy\" decoding=\"async\" class=\"alignnone wp-image-1526 \" src=\"https:\/\/lesoleil.bf\/wp-content\/uploads\/2024\/10\/Enseignement-superieur-2-1024x768.jpeg\" alt=\"\" width=\"775\" height=\"581\" srcset=\"https:\/\/lesoleil.bf\/wp-content\/uploads\/2024\/10\/Enseignement-superieur-2-1024x768.jpeg 1024w, https:\/\/lesoleil.bf\/wp-content\/uploads\/2024\/10\/Enseignement-superieur-2-300x225.jpeg 300w, https:\/\/lesoleil.bf\/wp-content\/uploads\/2024\/10\/Enseignement-superieur-2-768x576.jpeg 768w, https:\/\/lesoleil.bf\/wp-content\/uploads\/2024\/10\/Enseignement-superieur-2.jpeg 1040w\" sizes=\"auto, (max-width: 775px) 100vw, 775px\" \/>#derniereleconpryoussoufouedraogo<br \/>\n#professeurtitulairedegrammaire<br \/>\n#pryoussoufouedraogo<\/p>\n<p>Camille OUEDRAOGO<\/p>\n","protected":false},"excerpt":{"rendered":"<p>Le 23 octobre 2024, ils etaient nombreux les participants et participantes \u00e0 suivre la &lt;&lt;derni\u00e8re le\u00e7on&gt;&gt; du Professeur Youssouf OUEDRAOGO, Professeur titulaire de Grammaire fran\u00e7aise et de linguistique. \u00c0 l&rsquo;universit\u00e9 de Ouagadougou, actuel Universit\u00e9 Joseph Ki-Zerbo, ce ma\u00eetre modeste avait \u00e0 ses c\u00f4t\u00e9s les \u00e9tudiants et \u00e9tudiantes qu&rsquo;il a form\u00e9 et qui sont aujourd&rsquo;hui ses [&hellip;]<\/p>\n","protected":false},"author":1,"featured_media":1524,"comment_status":"open","ping_status":"open","sticky":false,"template":"","format":"standard","meta":{"site-sidebar-layout":"default","site-content-layout":"","ast-site-content-layout":"default","site-content-style":"default","site-sidebar-style":"default","ast-global-header-display":"","ast-banner-title-visibility":"","ast-main-header-display":"","ast-hfb-above-header-display":"","ast-hfb-below-header-display":"","ast-hfb-mobile-header-display":"","site-post-title":"","ast-breadcrumbs-content":"","ast-featured-img":"","footer-sml-layout":"","theme-transparent-header-meta":"default","adv-header-id-meta":"","stick-header-meta":"","header-above-stick-meta":"","header-main-stick-meta":"","header-below-stick-meta":"","astra-migrate-meta-layouts":"set","ast-page-background-enabled":"default","ast-page-background-meta":{"desktop":{"background-color":"var(--ast-global-color-4)","background-image":"","background-repeat":"repeat","background-position":"center center","background-size":"auto","background-attachment":"scroll","background-type":"","background-media":"","overlay-type":"","overlay-color":"","overlay-opacity":"","overlay-gradient":""},"tablet":{"background-color":"","background-image":"","background-repeat":"repeat","background-position":"center center","background-size":"auto","background-attachment":"scroll","background-type":"","background-media":"","overlay-type":"","overlay-color":"","overlay-opacity":"","overlay-gradient":""},"mobile":{"background-color":"","background-image":"","background-repeat":"repeat","background-position":"center center","background-size":"auto","background-attachment":"scroll","background-type":"","background-media":"","overlay-type":"","overlay-color":"","overlay-opacity":"","overlay-gradient":""}},"ast-content-background-meta":{"desktop":{"background-color":"var(--ast-global-color-5)","background-image":"","background-repeat":"repeat","background-position":"center center","background-size":"auto","background-attachment":"scroll","background-type":"","background-media":"","overlay-type":"","overlay-color":"","overlay-opacity":"","overlay-gradient":""},"tablet":{"background-color":"var(--ast-global-color-5)","background-image":"","background-repeat":"repeat","background-position":"center center","background-size":"auto","background-attachment":"scroll","background-type":"","background-media":"","overlay-type":"","overlay-color":"","overlay-opacity":"","overlay-gradient":""},"mobile":{"background-color":"var(--ast-global-color-5)","background-image":"","background-repeat":"repeat","background-position":"center center","background-size":"auto","background-attachment":"scroll","background-type":"","background-media":"","overlay-type":"","overlay-color":"","overlay-opacity":"","overlay-gradient":""}},"footnotes":""},"categories":[6],"tags":[77],"class_list":["post-1522","post","type-post","status-publish","format-standard","has-post-thumbnail","hentry","category-education","tag-me-youssouf-ouedraogo"],"_links":{"self":[{"href":"https:\/\/lesoleil.bf\/index.php\/wp-json\/wp\/v2\/posts\/1522","targetHints":{"allow":["GET"]}}],"collection":[{"href":"https:\/\/lesoleil.bf\/index.php\/wp-json\/wp\/v2\/posts"}],"about":[{"href":"https:\/\/lesoleil.bf\/index.php\/wp-json\/wp\/v2\/types\/post"}],"author":[{"embeddable":true,"href":"https:\/\/lesoleil.bf\/index.php\/wp-json\/wp\/v2\/users\/1"}],"replies":[{"embeddable":true,"href":"https:\/\/lesoleil.bf\/index.php\/wp-json\/wp\/v2\/comments?post=1522"}],"version-history":[{"count":3,"href":"https:\/\/lesoleil.bf\/index.php\/wp-json\/wp\/v2\/posts\/1522\/revisions"}],"predecessor-version":[{"id":1528,"href":"https:\/\/lesoleil.bf\/index.php\/wp-json\/wp\/v2\/posts\/1522\/revisions\/1528"}],"wp:featuredmedia":[{"embeddable":true,"href":"https:\/\/lesoleil.bf\/index.php\/wp-json\/wp\/v2\/media\/1524"}],"wp:attachment":[{"href":"https:\/\/lesoleil.bf\/index.php\/wp-json\/wp\/v2\/media?parent=1522"}],"wp:term":[{"taxonomy":"category","embeddable":true,"href":"https:\/\/lesoleil.bf\/index.php\/wp-json\/wp\/v2\/categories?post=1522"},{"taxonomy":"post_tag","embeddable":true,"href":"https:\/\/lesoleil.bf\/index.php\/wp-json\/wp\/v2\/tags?post=1522"}],"curies":[{"name":"wp","href":"https:\/\/api.w.org\/{rel}","templated":true}]}}