{"id":1508,"date":"2024-10-26T14:13:56","date_gmt":"2024-10-26T14:13:56","guid":{"rendered":"https:\/\/lesoleil.bf\/?p=1508"},"modified":"2024-10-26T14:15:32","modified_gmt":"2024-10-26T14:15:32","slug":"religion-le-cnspm-lance-le-hadj-2025","status":"publish","type":"post","link":"https:\/\/lesoleil.bf\/index.php\/2024\/10\/26\/religion-le-cnspm-lance-le-hadj-2025\/","title":{"rendered":"Religion : Le CNSPM lance le Hadj 2025"},"content":{"rendered":"<p>Le Comit\u00e9 de Suivi du P\u00e8lerinage \u00e0 la Mecque (CNSPM) a convi\u00e9 la presse le jeudi 24 octobre 2024 \u00e0 Ouagadougou \u00e0 la C\u00e9r\u00e9monie de lancement du Hadj 2025.<\/p>\n<p>Le Comit\u00e9 a proc\u00e9d\u00e9 \u00e0 une \u00e9valuation des agences de voyages impliqu\u00e9es dans le Hadj 2024 pour identifier les points \u00e0 am\u00e9liorer pour 2025. \u00c0 en croire les organisateurs de ce pilier cl\u00e9 de l&rsquo;Islam, des concertations sont d\u00e9j\u00e0 en cours avec les autorit\u00e9s saoudiennes pour optimiser la s\u00e9lection des partenaires de services, notamment concernant l&rsquo;\u00e9tape de Mina et pour r\u00e9pondre aux nouvelles directives sanitaires. Il informe que le quota de cette ann\u00e9e est de 8143 p\u00e8lerins, mais des n\u00e9gociations sont en cours dans le but d&rsquo;obtenir un quota suppl\u00e9mentaires. Le co\u00fbt du hadj est maintenu \u00e0 3 226 500 FCFA en attendant la stabilisation des co\u00fbts des prestations saoudiennes.<br \/>\nLe CNSPM s&rsquo;engage \u00e0 ce que le hadj 2025 soit mieux organis\u00e9 que celui de 2024, afin d&rsquo;obtenir le statut du pays class\u00e9 meilleur organisateurs en 2025. Pour cela le comit\u00e9 invite les futurs p\u00e8lerins \u00e0 s&rsquo;inscrire rapidement dans les agences de voyages agr\u00e9\u00e9s dont la liste sera bient\u00f4t communiquer.<\/p>\n<p>Selon Issa Dianda porte parole des agences de voyages, le p\u00e8lerinage du Hadj 2024 a \u00e9t\u00e9 un succ\u00e8s, d&rsquo;o\u00f9 leur satisfaction.<br \/>\nSelon lui, cette r\u00e9ussite a \u00e9t\u00e9 possible gr\u00e2ce \u00e0 l&rsquo;accompagnement des autorit\u00e9s qui ont fait preuve d\u2019une grande sollicitude particuli\u00e8rement pour l\u2019organisation de l&rsquo;\u00e9dition du hadj 2024. \u00abNous remercions particuli\u00e8rement le ministre pour son engagement personnel en faveur du hadj, ainsi que le pr\u00e9sident du comit\u00e9 de suivi pour son leadership et sa qu\u00eate permanente de consensus qui ont permis la r\u00e9ussite de cette \u00e9dition et qui augurent d\u2019une \u00e9dition 2025 encore meilleure\u00bb , a t-il laiss\u00e9 entendre.<br \/>\nIl rench\u00e9rit que cette r\u00e9ussite s\u2019est construite autour de plusieurs innovations majeures parmi lesquelles on peut citer\u00a0: Le cadre de concertation, la mise en \u0153uvre de la strat\u00e9gie de lutte contre les clandestins, le respect du calendrier organisationnel saoudien et le respect des clauses contractuelles du transporteur a\u00e9rien et dont particuli\u00e8rement le planning des vols, sont des acquis majeurs \u00e0 souligner. Selon lui toujours, toutes les innovations et les acquis sont \u00e0 p\u00e9renniser et \u00e0 am\u00e9liorer et \u00abnous agences de voyages agr\u00e9\u00e9s, prenons l\u2019engagement de nous investir davantage pour qu\u2019il en soit ainsi au cours de l\u2019\u00e9dition 2025\u00bb a t-il fait savoir.<\/p>\n<p><img loading=\"lazy\" decoding=\"async\" class=\"alignnone wp-image-1509\" src=\"https:\/\/lesoleil.bf\/wp-content\/uploads\/2024\/10\/Hadj-2025-au-BF1-300x200.jpeg\" alt=\"\" width=\"458\" height=\"305\" srcset=\"https:\/\/lesoleil.bf\/wp-content\/uploads\/2024\/10\/Hadj-2025-au-BF1-300x200.jpeg 300w, https:\/\/lesoleil.bf\/wp-content\/uploads\/2024\/10\/Hadj-2025-au-BF1.jpeg 480w\" sizes=\"auto, (max-width: 458px) 100vw, 458px\" \/> <img loading=\"lazy\" decoding=\"async\" class=\"alignnone wp-image-1510\" src=\"https:\/\/lesoleil.bf\/wp-content\/uploads\/2024\/10\/Hadj-2025-au-BF2-300x205.jpeg\" alt=\"\" width=\"440\" height=\"301\" srcset=\"https:\/\/lesoleil.bf\/wp-content\/uploads\/2024\/10\/Hadj-2025-au-BF2-300x205.jpeg 300w, https:\/\/lesoleil.bf\/wp-content\/uploads\/2024\/10\/Hadj-2025-au-BF2.jpeg 480w\" sizes=\"auto, (max-width: 440px) 100vw, 440px\" \/> <img loading=\"lazy\" decoding=\"async\" class=\"alignnone wp-image-1511\" src=\"https:\/\/lesoleil.bf\/wp-content\/uploads\/2024\/10\/Hadj-2025-au-BF3-300x211.jpeg\" alt=\"\" width=\"415\" height=\"292\" srcset=\"https:\/\/lesoleil.bf\/wp-content\/uploads\/2024\/10\/Hadj-2025-au-BF3-300x211.jpeg 300w, https:\/\/lesoleil.bf\/wp-content\/uploads\/2024\/10\/Hadj-2025-au-BF3.jpeg 480w\" sizes=\"auto, (max-width: 415px) 100vw, 415px\" \/><\/p>\n<p>Le directeur de cabinet du ministre de l&rsquo;Administration Territoriale et de Mobilit\u00e9 Urbaine, Bertrand To\u00e9 a soulign\u00e9 dans son discours que ce lancement intervient alors que le pays est engag\u00e9 dans la reconqu\u00eate de son territoire. Il a exprim\u00e9 des pri\u00e8res pour la r\u00e9ussite des forces arm\u00e9es face aux menaces s\u00e9curitaires.<br \/>\nIl a \u00e9galement not\u00e9 que, malgr\u00e9 des d\u00e9fis tels que l\u2019insuffisance de ressources financi\u00e8res et la situation s\u00e9curitaire, le Hadj 2024 a \u00e9t\u00e9 organis\u00e9 avec succ\u00e8s. Parmi les avanc\u00e9es r\u00e9alis\u00e9es, il a cit\u00e9 le respect des programmes de vols, une meilleure gestion du transport et une collaboration efficace avec les agences de voyages et les autorit\u00e9s saoudiennes. Il a alors f\u00e9licit\u00e9 et encourager les agences de voyages.<br \/>\nCependant le Dircab du ministre a appel\u00e9 les agences \u00e0 renforcer la communication et \u00e0 travailler ensemble pour am\u00e9liorer les conditions de p\u00e8lerinage, et \u00e0 tout mettre en \u0153uvre pour emp\u00eacher les pratiques clandestines. Il a insist\u00e9 sur l&rsquo;importance de la s\u00e9curit\u00e9 des p\u00e8lerins.<br \/>\n\u00abLe gouvernement ne saurait tol\u00e9rer aucun comportement susceptible de mettre en danger la vie des p\u00e8lerins burkinab\u00e8 ou de ternir l\u2019image de notre pays. Tout sera mis en \u0153uvre pour d\u00e9tecter tout contrevenant aux r\u00e8gles prescrites et les sanctions seront appliqu\u00e9es en toute rigueur aux acteurs fautifs, conform\u00e9ment \u00e0 la r\u00e8glementation en vigueur\u00bb, a conclu Bertrand To\u00e9.<\/p>\n<p>Fulbert ZEMBA<\/p>\n","protected":false},"excerpt":{"rendered":"<p>Le Comit\u00e9 de Suivi du P\u00e8lerinage \u00e0 la Mecque (CNSPM) a convi\u00e9 la presse le jeudi 24 octobre 2024 \u00e0 Ouagadougou \u00e0 la C\u00e9r\u00e9monie de lancement du Hadj 2025. Le Comit\u00e9 a proc\u00e9d\u00e9 \u00e0 une \u00e9valuation des agences de voyages impliqu\u00e9es dans le Hadj 2024 pour identifier les points \u00e0 am\u00e9liorer pour 2025. \u00c0 en [&hellip;]<\/p>\n","protected":false},"author":1,"featured_media":1512,"comment_status":"open","ping_status":"open","sticky":false,"template":"","format":"standard","meta":{"site-sidebar-layout":"default","site-content-layout":"","ast-site-content-layout":"default","site-content-style":"default","site-sidebar-style":"default","ast-global-header-display":"","ast-banner-title-visibility":"","ast-main-header-display":"","ast-hfb-above-header-display":"","ast-hfb-below-header-display":"","ast-hfb-mobile-header-display":"","site-post-title":"","ast-breadcrumbs-content":"","ast-featured-img":"","footer-sml-layout":"","theme-transparent-header-meta":"default","adv-header-id-meta":"","stick-header-meta":"","header-above-stick-meta":"","header-main-stick-meta":"","header-below-stick-meta":"","astra-migrate-meta-layouts":"set","ast-page-background-enabled":"default","ast-page-background-meta":{"desktop":{"background-color":"var(--ast-global-color-4)","background-image":"","background-repeat":"repeat","background-position":"center center","background-size":"auto","background-attachment":"scroll","background-type":"","background-media":"","overlay-type":"","overlay-color":"","overlay-opacity":"","overlay-gradient":""},"tablet":{"background-color":"","background-image":"","background-repeat":"repeat","background-position":"center center","background-size":"auto","background-attachment":"scroll","background-type":"","background-media":"","overlay-type":"","overlay-color":"","overlay-opacity":"","overlay-gradient":""},"mobile":{"background-color":"","background-image":"","background-repeat":"repeat","background-position":"center center","background-size":"auto","background-attachment":"scroll","background-type":"","background-media":"","overlay-type":"","overlay-color":"","overlay-opacity":"","overlay-gradient":""}},"ast-content-background-meta":{"desktop":{"background-color":"var(--ast-global-color-5)","background-image":"","background-repeat":"repeat","background-position":"center center","background-size":"auto","background-attachment":"scroll","background-type":"","background-media":"","overlay-type":"","overlay-color":"","overlay-opacity":"","overlay-gradient":""},"tablet":{"background-color":"var(--ast-global-color-5)","background-image":"","background-repeat":"repeat","background-position":"center center","background-size":"auto","background-attachment":"scroll","background-type":"","background-media":"","overlay-type":"","overlay-color":"","overlay-opacity":"","overlay-gradient":""},"mobile":{"background-color":"var(--ast-global-color-5)","background-image":"","background-repeat":"repeat","background-position":"center center","background-size":"auto","background-attachment":"scroll","background-type":"","background-media":"","overlay-type":"","overlay-color":"","overlay-opacity":"","overlay-gradient":""}},"footnotes":""},"categories":[4],"tags":[73,74],"class_list":["post-1508","post","type-post","status-publish","format-standard","has-post-thumbnail","hentry","category-societe","tag-hadj-2025","tag-pelerinage-a-la-mecque-2025"],"_links":{"self":[{"href":"https:\/\/lesoleil.bf\/index.php\/wp-json\/wp\/v2\/posts\/1508","targetHints":{"allow":["GET"]}}],"collection":[{"href":"https:\/\/lesoleil.bf\/index.php\/wp-json\/wp\/v2\/posts"}],"about":[{"href":"https:\/\/lesoleil.bf\/index.php\/wp-json\/wp\/v2\/types\/post"}],"author":[{"embeddable":true,"href":"https:\/\/lesoleil.bf\/index.php\/wp-json\/wp\/v2\/users\/1"}],"replies":[{"embeddable":true,"href":"https:\/\/lesoleil.bf\/index.php\/wp-json\/wp\/v2\/comments?post=1508"}],"version-history":[{"count":1,"href":"https:\/\/lesoleil.bf\/index.php\/wp-json\/wp\/v2\/posts\/1508\/revisions"}],"predecessor-version":[{"id":1513,"href":"https:\/\/lesoleil.bf\/index.php\/wp-json\/wp\/v2\/posts\/1508\/revisions\/1513"}],"wp:featuredmedia":[{"embeddable":true,"href":"https:\/\/lesoleil.bf\/index.php\/wp-json\/wp\/v2\/media\/1512"}],"wp:attachment":[{"href":"https:\/\/lesoleil.bf\/index.php\/wp-json\/wp\/v2\/media?parent=1508"}],"wp:term":[{"taxonomy":"category","embeddable":true,"href":"https:\/\/lesoleil.bf\/index.php\/wp-json\/wp\/v2\/categories?post=1508"},{"taxonomy":"post_tag","embeddable":true,"href":"https:\/\/lesoleil.bf\/index.php\/wp-json\/wp\/v2\/tags?post=1508"}],"curies":[{"name":"wp","href":"https:\/\/api.w.org\/{rel}","templated":true}]}}