{"id":1502,"date":"2024-10-26T09:28:56","date_gmt":"2024-10-26T09:28:56","guid":{"rendered":"https:\/\/lesoleil.bf\/?p=1502"},"modified":"2024-10-26T09:30:29","modified_gmt":"2024-10-26T09:30:29","slug":"siao-malgre-le-terrorisme-lengouement-toujours-de-mise","status":"publish","type":"post","link":"https:\/\/lesoleil.bf\/index.php\/2024\/10\/26\/siao-malgre-le-terrorisme-lengouement-toujours-de-mise\/","title":{"rendered":"SIAO: Malgr\u00e9 le terrorisme l&rsquo;engouement toujours de mise"},"content":{"rendered":"<p>C&rsquo;est ce 25 octobre 2024 que s&rsquo;est ouverte la c\u00e9r\u00e9monie d&rsquo;ouverture solennelle du Salon international d&rsquo;artisanat, d&rsquo;art de Ouagadougou ( SIAO). Plac\u00e9e sous le th\u00e8me &lt;&lt;&#8230;&#8230;&gt;&gt;, elle a regroup\u00e9 un parterre d&rsquo;artisans, de commer\u00e7ants, d&rsquo;invit\u00e9s et de simples participants et participantes au si\u00e8ge du Salon \u00e0 Ouagadougou.<br \/>\nEn l&rsquo;absence du chef de l&rsquo;\u00c9tat, le Capitaine Ibrahim TRAOR\u00c9, c&rsquo;est le ministre de l\u2019Industrie, du Commerce et de l\u2019Artisanat, Serge Gnaniodem PODA qui l&rsquo;a repr\u00e9sent\u00e9. D&rsquo;entr\u00e9e, le Patron du d\u00e9partement Commerce a salu\u00e9 la pertinence du th\u00e8me de cette \u00e9dition. Il a par ailleurs relev\u00e9 que les artisans, de part la vente de leurs \u0153uvres font rentrer des devises dans les r\u00e9gies de recettes de nos \u00c9tats. Aussi l&rsquo;implication de la jeunesse justifie le dynamisme du secteur.<\/p>\n<p>Quant au parrain de cette 17e \u00e9dition du SIAO, Dr Ousmane BOUGOUMA, Pr\u00e9sident de l\u2019Assembl\u00e9e l\u00e9gislative de Transition ( ALT), la force de l\u2019entreprenariat dans un domaine comme l\u2019artisanat peut \u00eatre un facteur r\u00e9side dans sa capacit\u00e9 \u00e0 cr\u00e9er de l&#8217;emploi. Une d\u00e9marche salutaire pour le Burkina et en au-del\u00e0 l&rsquo;Afrique.<\/p>\n<p>En effet, contribuant \u00e0 plus de 20% dans le Produit int\u00e9rieur brut (PIB) du continent, ce secteur emploie 60 millions de personnes majoritairement des jeunes.<\/p>\n<p>Ainsi, l&rsquo;artisanat se positionne comme un puissant levier pour la lutte contre le ch\u00f4mage, selon le Pr\u00e9sident du Faso.<\/p>\n<p>Du discours du Chef de l&rsquo;Etat lu par le ministre du Commerce, il ressort que des mesures ces deux derni\u00e8res ann\u00e9es ont permis de dynamiser davantage l&rsquo;artisanat dans notre pays. Au nombre de ceux-ci, la labellisation des produits artisanaux comme le Koko Dunda, le Faso Dan Fani, le chapeau de Sapon\u00e9, le beurre de karit\u00e9 et le poulet bicyclette).<br \/>\nLes journ\u00e9es d\u00e9di\u00e9es au consommer local et \u00e0 l\u2019engagement patriotique, du port obligatoire du Faso Dan Fani et du Koko Dunda \u00e0 l\u2019occasion des c\u00e9r\u00e9monies officielles sont autant de preuves d&rsquo;une volont\u00e9 politique depuis le sommet.<\/p>\n<figure id=\"attachment_1503\" aria-describedby=\"caption-attachment-1503\" style=\"width: 720px\" class=\"wp-caption alignnone\"><img loading=\"lazy\" decoding=\"async\" class=\"wp-image-1503 size-full\" src=\"https:\/\/lesoleil.bf\/wp-content\/uploads\/2024\/10\/SIAO-2024.jpeg\" alt=\"\" width=\"720\" height=\"690\" srcset=\"https:\/\/lesoleil.bf\/wp-content\/uploads\/2024\/10\/SIAO-2024.jpeg 720w, https:\/\/lesoleil.bf\/wp-content\/uploads\/2024\/10\/SIAO-2024-300x288.jpeg 300w\" sizes=\"auto, (max-width: 720px) 100vw, 720px\" \/><figcaption id=\"caption-attachment-1503\" class=\"wp-caption-text\">Ouverture du SIAO 2024<\/figcaption><\/figure>\n<p style=\"text-align: right;\"><strong>Ernest BONDAONE<\/strong><\/p>\n","protected":false},"excerpt":{"rendered":"<p>C&rsquo;est ce 25 octobre 2024 que s&rsquo;est ouverte la c\u00e9r\u00e9monie d&rsquo;ouverture solennelle du Salon international d&rsquo;artisanat, d&rsquo;art de Ouagadougou ( SIAO). Plac\u00e9e sous le th\u00e8me &lt;&lt;&#8230;&#8230;&gt;&gt;, elle a regroup\u00e9 un parterre d&rsquo;artisans, de commer\u00e7ants, d&rsquo;invit\u00e9s et de simples participants et participantes au si\u00e8ge du Salon \u00e0 Ouagadougou. En l&rsquo;absence du chef de l&rsquo;\u00c9tat, le Capitaine [&hellip;]<\/p>\n","protected":false},"author":1,"featured_media":1504,"comment_status":"open","ping_status":"open","sticky":false,"template":"","format":"standard","meta":{"site-sidebar-layout":"default","site-content-layout":"","ast-site-content-layout":"default","site-content-style":"default","site-sidebar-style":"default","ast-global-header-display":"","ast-banner-title-visibility":"","ast-main-header-display":"","ast-hfb-above-header-display":"","ast-hfb-below-header-display":"","ast-hfb-mobile-header-display":"","site-post-title":"","ast-breadcrumbs-content":"","ast-featured-img":"","footer-sml-layout":"","theme-transparent-header-meta":"default","adv-header-id-meta":"","stick-header-meta":"","header-above-stick-meta":"","header-main-stick-meta":"","header-below-stick-meta":"","astra-migrate-meta-layouts":"set","ast-page-background-enabled":"default","ast-page-background-meta":{"desktop":{"background-color":"var(--ast-global-color-4)","background-image":"","background-repeat":"repeat","background-position":"center center","background-size":"auto","background-attachment":"scroll","background-type":"","background-media":"","overlay-type":"","overlay-color":"","overlay-opacity":"","overlay-gradient":""},"tablet":{"background-color":"","background-image":"","background-repeat":"repeat","background-position":"center center","background-size":"auto","background-attachment":"scroll","background-type":"","background-media":"","overlay-type":"","overlay-color":"","overlay-opacity":"","overlay-gradient":""},"mobile":{"background-color":"","background-image":"","background-repeat":"repeat","background-position":"center center","background-size":"auto","background-attachment":"scroll","background-type":"","background-media":"","overlay-type":"","overlay-color":"","overlay-opacity":"","overlay-gradient":""}},"ast-content-background-meta":{"desktop":{"background-color":"var(--ast-global-color-5)","background-image":"","background-repeat":"repeat","background-position":"center center","background-size":"auto","background-attachment":"scroll","background-type":"","background-media":"","overlay-type":"","overlay-color":"","overlay-opacity":"","overlay-gradient":""},"tablet":{"background-color":"var(--ast-global-color-5)","background-image":"","background-repeat":"repeat","background-position":"center center","background-size":"auto","background-attachment":"scroll","background-type":"","background-media":"","overlay-type":"","overlay-color":"","overlay-opacity":"","overlay-gradient":""},"mobile":{"background-color":"var(--ast-global-color-5)","background-image":"","background-repeat":"repeat","background-position":"center center","background-size":"auto","background-attachment":"scroll","background-type":"","background-media":"","overlay-type":"","overlay-color":"","overlay-opacity":"","overlay-gradient":""}},"footnotes":""},"categories":[14],"tags":[72],"class_list":["post-1502","post","type-post","status-publish","format-standard","has-post-thumbnail","hentry","category-economie","tag-siao-2024"],"_links":{"self":[{"href":"https:\/\/lesoleil.bf\/index.php\/wp-json\/wp\/v2\/posts\/1502","targetHints":{"allow":["GET"]}}],"collection":[{"href":"https:\/\/lesoleil.bf\/index.php\/wp-json\/wp\/v2\/posts"}],"about":[{"href":"https:\/\/lesoleil.bf\/index.php\/wp-json\/wp\/v2\/types\/post"}],"author":[{"embeddable":true,"href":"https:\/\/lesoleil.bf\/index.php\/wp-json\/wp\/v2\/users\/1"}],"replies":[{"embeddable":true,"href":"https:\/\/lesoleil.bf\/index.php\/wp-json\/wp\/v2\/comments?post=1502"}],"version-history":[{"count":3,"href":"https:\/\/lesoleil.bf\/index.php\/wp-json\/wp\/v2\/posts\/1502\/revisions"}],"predecessor-version":[{"id":1507,"href":"https:\/\/lesoleil.bf\/index.php\/wp-json\/wp\/v2\/posts\/1502\/revisions\/1507"}],"wp:featuredmedia":[{"embeddable":true,"href":"https:\/\/lesoleil.bf\/index.php\/wp-json\/wp\/v2\/media\/1504"}],"wp:attachment":[{"href":"https:\/\/lesoleil.bf\/index.php\/wp-json\/wp\/v2\/media?parent=1502"}],"wp:term":[{"taxonomy":"category","embeddable":true,"href":"https:\/\/lesoleil.bf\/index.php\/wp-json\/wp\/v2\/categories?post=1502"},{"taxonomy":"post_tag","embeddable":true,"href":"https:\/\/lesoleil.bf\/index.php\/wp-json\/wp\/v2\/tags?post=1502"}],"curies":[{"name":"wp","href":"https:\/\/api.w.org\/{rel}","templated":true}]}}