{"id":1491,"date":"2024-10-23T09:52:40","date_gmt":"2024-10-23T09:52:40","guid":{"rendered":"https:\/\/lesoleil.bf\/?p=1491"},"modified":"2024-10-23T09:52:40","modified_gmt":"2024-10-23T09:52:40","slug":"debat-sur-la-prise-en-charge-des-conferences-le-ministre-interpelle","status":"publish","type":"post","link":"https:\/\/lesoleil.bf\/index.php\/2024\/10\/23\/debat-sur-la-prise-en-charge-des-conferences-le-ministre-interpelle\/","title":{"rendered":"D\u00e9bat sur la prise en charge des conf\u00e9rences : Le ministre interpell\u00e9"},"content":{"rendered":"<p>Un enseignant interpelle le ministre quand \u00e0 l&rsquo;importance du m\u00e9tier d&rsquo;enseignant et en appelle \u00e0 une meilleure valorisation des acteurs de l&rsquo;\u00e9ducation. Extrait.<\/p>\n<p><strong>\u00c0 l\u2019attention de Monsieur le Ministre,<\/strong><\/p>\n<p>Je me permets, par la pr\u00e9sente lettre ouverte, de m\u2019adresser respectueusement \u00e0 vous, Monsieur le Ministre, pour attirer votre attention sur des propos tenus r\u00e9cemment par Monsieur Moctar Badini, un acteur de la veille citoyenne, qui ont suscit\u00e9 une vive inqui\u00e9tude au sein du corps enseignant du Burkina Faso.<\/p>\n<p>Permettez-moi tout d\u2019abord de vous f\u00e9liciter chaleureusement pour votre nomination \u00e0 la t\u00eate de ce d\u00e9partement strat\u00e9gique. Votre prise de fonction est porteuse d\u2019espoir pour de nombreux acteurs du secteur \u00e9ducatif, et je suis convaincu que votre leadership saura insuffler une dynamique positive dans l\u2019am\u00e9lioration des conditions de l\u2019enseignement et de l\u2019apprentissage au Burkina Faso.<\/p>\n<p>Cependant, Monsieur le Ministre, je voudrais attirer votre attention sur des faits r\u00e9cents qui risquent de miner les efforts consentis pour maintenir la motivation et l&rsquo;engagement des enseignants. En effet, dans une premi\u00e8re vid\u00e9o publi\u00e9e par Monsieur Moctar Badini, celui-ci a insinu\u00e9 que les fonds allou\u00e9s aux conf\u00e9rences p\u00e9dagogiques ne devaient plus \u00eatre vers\u00e9s aux enseignants, sous pr\u00e9texte qu\u2019ils utiliseraient cet argent \u00e0 des fins inappropri\u00e9es, notamment pour consommer de l&rsquo;alcool. De tels propos, non seulement infond\u00e9s, mais surtout d\u00e9nigrants, ont provoqu\u00e9 un vif \u00e9moi et risquent de d\u00e9moraliser davantage un corps enseignant d\u00e9j\u00e0 confront\u00e9 \u00e0 de nombreuses difficult\u00e9s.<\/p>\n<p>Dans une seconde intervention, Monsieur Badini a tent\u00e9 de pr\u00e9senter des excuses, mais ses propos restent ambigus et ne semblent pas r\u00e9pondre \u00e0 l\u2019ampleur du mal caus\u00e9. Il a pr\u00e9tendu, de fa\u00e7on quelque peu condescendante, que les enseignants ne devraient pas lui en vouloir, car, selon lui, il a personnellement pris en charge les dossiers des instituteurs certifi\u00e9s frapp\u00e9s par la limite d\u2019\u00e2ge aux examens et concours professionnels. Cette posture, loin d\u2019apaiser les esprits, contribue \u00e0 renforcer une fracture sociale entre les diff\u00e9rents acteurs du syst\u00e8me \u00e9ducatif.<\/p>\n<p>En tant que professeur des \u00e9coles dans la r\u00e9gion de l\u2019Est, province du Gourma, je me fais ici le relais des pr\u00e9occupations de nombreux coll\u00e8gues qui, comme moi, per\u00e7oivent ces d\u00e9clarations comme un affront \u00e0 notre professionnalisme et \u00e0 notre engagement pour l\u2019\u00e9ducation de nos enfants. Il me semble essentiel que des personnalit\u00e9s publiques qui jouissent d&rsquo;une large audience usent de leur influence de mani\u00e8re responsable, afin de ne pas entacher le lien de confiance entre le corps enseignant et les institutions.<\/p>\n<p>Monsieur le Ministre, je sollicite donc votre intervention pour apaiser la situation et r\u00e9affirmer, \u00e0 travers des actions concr\u00e8tes, le respect et la consid\u00e9ration dus aux enseignants. Il est crucial de pr\u00e9server la dignit\u00e9 et l\u2019honneur de cette profession qui constitue la pierre angulaire du d\u00e9veloppement de notre pays.<\/p>\n<p>Dans l\u2019espoir que ma requ\u00eate retiendra votre attention, je vous prie de recevoir, Monsieur le Ministre, l\u2019expression de mes salutations respectueuses et de mon entier d\u00e9vouement au service de notre syst\u00e8me \u00e9ducatif.<\/p>\n<p>TRAORE Tahirou<br \/>\nProfesseur des \u00e9coles,<br \/>\nR\u00e9gion de l&rsquo;Est, Province du Gourma<\/p>\n","protected":false},"excerpt":{"rendered":"<p>Un enseignant interpelle le ministre quand \u00e0 l&rsquo;importance du m\u00e9tier d&rsquo;enseignant et en appelle \u00e0 une meilleure valorisation des acteurs de l&rsquo;\u00e9ducation. Extrait. \u00c0 l\u2019attention de Monsieur le Ministre, Je me permets, par la pr\u00e9sente lettre ouverte, de m\u2019adresser respectueusement \u00e0 vous, Monsieur le Ministre, pour attirer votre attention sur des propos tenus r\u00e9cemment par [&hellip;]<\/p>\n","protected":false},"author":1,"featured_media":1492,"comment_status":"open","ping_status":"open","sticky":false,"template":"","format":"standard","meta":{"site-sidebar-layout":"default","site-content-layout":"","ast-site-content-layout":"default","site-content-style":"default","site-sidebar-style":"default","ast-global-header-display":"","ast-banner-title-visibility":"","ast-main-header-display":"","ast-hfb-above-header-display":"","ast-hfb-below-header-display":"","ast-hfb-mobile-header-display":"","site-post-title":"","ast-breadcrumbs-content":"","ast-featured-img":"","footer-sml-layout":"","theme-transparent-header-meta":"default","adv-header-id-meta":"","stick-header-meta":"","header-above-stick-meta":"","header-main-stick-meta":"","header-below-stick-meta":"","astra-migrate-meta-layouts":"set","ast-page-background-enabled":"default","ast-page-background-meta":{"desktop":{"background-color":"var(--ast-global-color-4)","background-image":"","background-repeat":"repeat","background-position":"center center","background-size":"auto","background-attachment":"scroll","background-type":"","background-media":"","overlay-type":"","overlay-color":"","overlay-opacity":"","overlay-gradient":""},"tablet":{"background-color":"","background-image":"","background-repeat":"repeat","background-position":"center center","background-size":"auto","background-attachment":"scroll","background-type":"","background-media":"","overlay-type":"","overlay-color":"","overlay-opacity":"","overlay-gradient":""},"mobile":{"background-color":"","background-image":"","background-repeat":"repeat","background-position":"center center","background-size":"auto","background-attachment":"scroll","background-type":"","background-media":"","overlay-type":"","overlay-color":"","overlay-opacity":"","overlay-gradient":""}},"ast-content-background-meta":{"desktop":{"background-color":"var(--ast-global-color-5)","background-image":"","background-repeat":"repeat","background-position":"center center","background-size":"auto","background-attachment":"scroll","background-type":"","background-media":"","overlay-type":"","overlay-color":"","overlay-opacity":"","overlay-gradient":""},"tablet":{"background-color":"var(--ast-global-color-5)","background-image":"","background-repeat":"repeat","background-position":"center center","background-size":"auto","background-attachment":"scroll","background-type":"","background-media":"","overlay-type":"","overlay-color":"","overlay-opacity":"","overlay-gradient":""},"mobile":{"background-color":"var(--ast-global-color-5)","background-image":"","background-repeat":"repeat","background-position":"center center","background-size":"auto","background-attachment":"scroll","background-type":"","background-media":"","overlay-type":"","overlay-color":"","overlay-opacity":"","overlay-gradient":""}},"footnotes":""},"categories":[9],"tags":[69],"class_list":["post-1491","post","type-post","status-publish","format-standard","has-post-thumbnail","hentry","category-politique","tag-prise-en-charge-des-conferences"],"_links":{"self":[{"href":"https:\/\/lesoleil.bf\/index.php\/wp-json\/wp\/v2\/posts\/1491","targetHints":{"allow":["GET"]}}],"collection":[{"href":"https:\/\/lesoleil.bf\/index.php\/wp-json\/wp\/v2\/posts"}],"about":[{"href":"https:\/\/lesoleil.bf\/index.php\/wp-json\/wp\/v2\/types\/post"}],"author":[{"embeddable":true,"href":"https:\/\/lesoleil.bf\/index.php\/wp-json\/wp\/v2\/users\/1"}],"replies":[{"embeddable":true,"href":"https:\/\/lesoleil.bf\/index.php\/wp-json\/wp\/v2\/comments?post=1491"}],"version-history":[{"count":1,"href":"https:\/\/lesoleil.bf\/index.php\/wp-json\/wp\/v2\/posts\/1491\/revisions"}],"predecessor-version":[{"id":1493,"href":"https:\/\/lesoleil.bf\/index.php\/wp-json\/wp\/v2\/posts\/1491\/revisions\/1493"}],"wp:featuredmedia":[{"embeddable":true,"href":"https:\/\/lesoleil.bf\/index.php\/wp-json\/wp\/v2\/media\/1492"}],"wp:attachment":[{"href":"https:\/\/lesoleil.bf\/index.php\/wp-json\/wp\/v2\/media?parent=1491"}],"wp:term":[{"taxonomy":"category","embeddable":true,"href":"https:\/\/lesoleil.bf\/index.php\/wp-json\/wp\/v2\/categories?post=1491"},{"taxonomy":"post_tag","embeddable":true,"href":"https:\/\/lesoleil.bf\/index.php\/wp-json\/wp\/v2\/tags?post=1491"}],"curies":[{"name":"wp","href":"https:\/\/api.w.org\/{rel}","templated":true}]}}