{"id":1483,"date":"2024-10-22T11:30:44","date_gmt":"2024-10-22T11:30:44","guid":{"rendered":"https:\/\/lesoleil.bf\/?p=1483"},"modified":"2024-10-22T11:30:44","modified_gmt":"2024-10-22T11:30:44","slug":"journee-nationale-de-la-liberte-de-la-presse-norbert-zongo-prophete-de-la-periode-actuelle","status":"publish","type":"post","link":"https:\/\/lesoleil.bf\/index.php\/2024\/10\/22\/journee-nationale-de-la-liberte-de-la-presse-norbert-zongo-prophete-de-la-periode-actuelle\/","title":{"rendered":"Journ\u00e9e nationale de la libert\u00e9 de la presse: Norbert Zongo proph\u00e8te de la p\u00e9riode actuelle"},"content":{"rendered":"<p>Chaque 20 octobre, les journalistes du Burkina Faso en particulier et les d\u00e9fenseurs des droits de l&rsquo;homme en g\u00e9n\u00e9ral comm\u00e9morent la journ\u00e9e nationale de la libert\u00e9 de la presse.<\/p>\n<p>Un des actes majeurs a \u00e9t\u00e9 la c\u00e9r\u00e9monie officielle marqu\u00e9e par des discours, l&rsquo;affichage d&rsquo;un \u00e9ditorial de Norbert ZONGO, l&rsquo;exposition de trois de ses \u00e9ditoriaux et la conf\u00e9rence publique suivie des \u00e9changes<\/p>\n<p>. <img loading=\"lazy\" decoding=\"async\" class=\"alignnone size-medium wp-image-1489\" src=\"https:\/\/lesoleil.bf\/wp-content\/uploads\/2024\/10\/Journee-Norbert-Zongo-2024-7-293x300.jpg\" alt=\"\" width=\"293\" height=\"300\" srcset=\"https:\/\/lesoleil.bf\/wp-content\/uploads\/2024\/10\/Journee-Norbert-Zongo-2024-7-293x300.jpg 293w, https:\/\/lesoleil.bf\/wp-content\/uploads\/2024\/10\/Journee-Norbert-Zongo-2024-7.jpg 571w\" sizes=\"auto, (max-width: 293px) 100vw, 293px\" \/><br \/>\nDans sa d\u00e9claration liminaire \u00e0 l&rsquo;occasion, le Pr\u00e9sident du comit\u00e9 de pilotage du Centre de presse Norbert ZONGO, Guezouma SANOGO a relev\u00e9 que la presse vit actuellement des moments sombres caract\u00e9ris\u00e9s par une volont\u00e9 affich\u00e9e des pouvoirs \u00e0 la museler. \u00ab Nous vivons un moment o\u00f9 il n\u2019est pas exag\u00e9r\u00e9 de soutenir que l\u2019heure est grave, et m\u00eame tr\u00e8s grave pour la presse, menac\u00e9e pratiquement de disparition. Les causes sont d\u2019ordre technologique avec l\u2019apparition de nouveaux acteurs et des mutations technologiques, d\u2019ordre s\u00e9curitaire avec la menace terroriste qui a fortement impact\u00e9 l\u2019exercice de la profession et enfin, d\u2019ordre politique avec les restrictions et les atteintes \u00e0 la libert\u00e9 d\u2019expression et de la presse exerc\u00e9es par les autorit\u00e9s politiques. Nous en sommes arriv\u00e9s au point o\u00f9 le professionnalisme dans ce m\u00e9tier est devenu un crime. Le journalisme d\u2019opinion qui fait le charme et fonde tout l\u2019int\u00e9r\u00eat des m\u00e9dias a \u00e9t\u00e9 criminalis\u00e9. La presse burkinab\u00e8 est devenue atone, aphone. Le rythme, auquel nous assistons \u00e0 la destruction de la presse est effarant. Des fermetures ou suspensions des m\u00e9dias, des enl\u00e8vements ou disparitions forc\u00e9es de journalistes, de chroniqueurs, de d\u00e9fenseurs des droits humains, soutiens incontournables de la libert\u00e9 de la presse, le saccage des acquis juridiques, sociaux et financiers, des discours de haine contre les journalistes. Tout cela donne le tournis et nous renvoie \u00e0 des ann\u00e9es sombres en arri\u00e8re \u00bb, a martel\u00e9 Guezouma SANOGO.<\/p>\n<p><img loading=\"lazy\" decoding=\"async\" class=\"alignnone size-medium wp-image-1485\" src=\"https:\/\/lesoleil.bf\/wp-content\/uploads\/2024\/10\/Journee-Norbert-Zongo-2024-2-300x225.jpg\" alt=\"\" width=\"300\" height=\"225\" srcset=\"https:\/\/lesoleil.bf\/wp-content\/uploads\/2024\/10\/Journee-Norbert-Zongo-2024-2-300x225.jpg 300w, https:\/\/lesoleil.bf\/wp-content\/uploads\/2024\/10\/Journee-Norbert-Zongo-2024-2-1024x768.jpg 1024w, https:\/\/lesoleil.bf\/wp-content\/uploads\/2024\/10\/Journee-Norbert-Zongo-2024-2-768x576.jpg 768w, https:\/\/lesoleil.bf\/wp-content\/uploads\/2024\/10\/Journee-Norbert-Zongo-2024-2.jpg 1040w\" sizes=\"auto, (max-width: 300px) 100vw, 300px\" \/> <img loading=\"lazy\" decoding=\"async\" class=\"alignnone  wp-image-1486\" src=\"https:\/\/lesoleil.bf\/wp-content\/uploads\/2024\/10\/Journee-Norbert-Zongo-2024-1-300x135.jpg\" alt=\"\" width=\"491\" height=\"221\" srcset=\"https:\/\/lesoleil.bf\/wp-content\/uploads\/2024\/10\/Journee-Norbert-Zongo-2024-1-300x135.jpg 300w, https:\/\/lesoleil.bf\/wp-content\/uploads\/2024\/10\/Journee-Norbert-Zongo-2024-1.jpg 720w\" sizes=\"auto, (max-width: 491px) 100vw, 491px\" \/> <img loading=\"lazy\" decoding=\"async\" class=\"alignnone size-medium wp-image-1487\" src=\"https:\/\/lesoleil.bf\/wp-content\/uploads\/2024\/10\/Journee-Norbert-Zongo-2024-5-226x300.jpg\" alt=\"\" width=\"226\" height=\"300\" srcset=\"https:\/\/lesoleil.bf\/wp-content\/uploads\/2024\/10\/Journee-Norbert-Zongo-2024-5-226x300.jpg 226w, https:\/\/lesoleil.bf\/wp-content\/uploads\/2024\/10\/Journee-Norbert-Zongo-2024-5.jpg 662w\" sizes=\"auto, (max-width: 226px) 100vw, 226px\" \/> <img loading=\"lazy\" decoding=\"async\" class=\"alignnone size-medium wp-image-1488\" src=\"https:\/\/lesoleil.bf\/wp-content\/uploads\/2024\/10\/Journee-Norbert-Zongo-2024-6-210x300.jpg\" alt=\"\" width=\"210\" height=\"300\" srcset=\"https:\/\/lesoleil.bf\/wp-content\/uploads\/2024\/10\/Journee-Norbert-Zongo-2024-6-210x300.jpg 210w, https:\/\/lesoleil.bf\/wp-content\/uploads\/2024\/10\/Journee-Norbert-Zongo-2024-6.jpg 466w\" sizes=\"auto, (max-width: 210px) 100vw, 210px\" \/><br \/>\nEn guise d&rsquo;acte fort d&rsquo;interpellation de ces forces qui envisagent museler la presse, les organisateurs de cette journ\u00e9e ont lue en enti\u00e8ret\u00e9 l&rsquo;\u00e9ditorial de Norbert ZONGO intitul\u00e9 \u00a0\u00bb <em>Ne brisons pas le rempart<\/em>\u00a0\u00bb publi\u00e9 dans L&rsquo;Ind\u00e9pendant n\u00b05 du 31 ao\u00fbt 1993.<br \/>\nCet \u00e9crit appelle l&rsquo;opinion publique \u00e0 veiller aux c\u00f4t\u00e9s des hommes de m\u00e9dias car tout pays qui veut \u00e9voluer au plan d\u00e9mocratique doit int\u00e9grer les critiques interpellatrices de la presse \u00e0 l&rsquo;endroit des dirigeants. Pour que la presse puisse servir de ferment au d\u00e9veloppement des nations, il faut que l&rsquo;opinion publique soit aux c\u00f4t\u00e9s des journalistes professionnels contre tous abus venant de la part des pouvoirs. \u00ab\u00a0<em>Souvenons-nous: entre la d\u00e9mocratie et l&rsquo;\u00c9tat d&rsquo;exception, il n&rsquo;ya qu&rsquo;un rempart: la presse. Ne laissons pas briser ce rempart! Le Burkina Faso nous le revaudra<\/em>\u00ab\u00a0, \u00e9crit celui qui se laissait lire abondamment sous le nom de plume de Henri Sebgo.<br \/>\nDeux affiches de cet \u00e9dito ont \u00e9t\u00e9 d\u00e9voil\u00e9e ce jour et sont plac\u00e9es de part et d&rsquo;autre de la tribune officielle de la salle Henri Sebgo o\u00f9 s&rsquo;est d\u00e9roul\u00e9e la c\u00e9r\u00e9monie solennelle et comm\u00e9morative de cette ann\u00e9e.<br \/>\nEn rappel c&rsquo;est \u00e0 l&rsquo;initiative du Mouvement burkinab\u00e8 des droits de l&rsquo;homme (MBDHP) et des organisations professionnelles des m\u00e9dias que cette journ\u00e9e fut institu\u00e9e en 1993.<\/p>\n<p>#20octobre2024<br \/>\n#journeenationaledelalibertedelapresse<\/p>\n<p>Camille OUEDRAOGO<\/p>\n","protected":false},"excerpt":{"rendered":"<p>Chaque 20 octobre, les journalistes du Burkina Faso en particulier et les d\u00e9fenseurs des droits de l&rsquo;homme en g\u00e9n\u00e9ral comm\u00e9morent la journ\u00e9e nationale de la libert\u00e9 de la presse. Un des actes majeurs a \u00e9t\u00e9 la c\u00e9r\u00e9monie officielle marqu\u00e9e par des discours, l&rsquo;affichage d&rsquo;un \u00e9ditorial de Norbert ZONGO, l&rsquo;exposition de trois de ses \u00e9ditoriaux et [&hellip;]<\/p>\n","protected":false},"author":1,"featured_media":1484,"comment_status":"open","ping_status":"open","sticky":false,"template":"","format":"standard","meta":{"site-sidebar-layout":"default","site-content-layout":"","ast-site-content-layout":"default","site-content-style":"default","site-sidebar-style":"default","ast-global-header-display":"","ast-banner-title-visibility":"","ast-main-header-display":"","ast-hfb-above-header-display":"","ast-hfb-below-header-display":"","ast-hfb-mobile-header-display":"","site-post-title":"","ast-breadcrumbs-content":"","ast-featured-img":"","footer-sml-layout":"","theme-transparent-header-meta":"default","adv-header-id-meta":"","stick-header-meta":"","header-above-stick-meta":"","header-main-stick-meta":"","header-below-stick-meta":"","astra-migrate-meta-layouts":"set","ast-page-background-enabled":"default","ast-page-background-meta":{"desktop":{"background-color":"var(--ast-global-color-4)","background-image":"","background-repeat":"repeat","background-position":"center center","background-size":"auto","background-attachment":"scroll","background-type":"","background-media":"","overlay-type":"","overlay-color":"","overlay-opacity":"","overlay-gradient":""},"tablet":{"background-color":"","background-image":"","background-repeat":"repeat","background-position":"center center","background-size":"auto","background-attachment":"scroll","background-type":"","background-media":"","overlay-type":"","overlay-color":"","overlay-opacity":"","overlay-gradient":""},"mobile":{"background-color":"","background-image":"","background-repeat":"repeat","background-position":"center center","background-size":"auto","background-attachment":"scroll","background-type":"","background-media":"","overlay-type":"","overlay-color":"","overlay-opacity":"","overlay-gradient":""}},"ast-content-background-meta":{"desktop":{"background-color":"var(--ast-global-color-5)","background-image":"","background-repeat":"repeat","background-position":"center center","background-size":"auto","background-attachment":"scroll","background-type":"","background-media":"","overlay-type":"","overlay-color":"","overlay-opacity":"","overlay-gradient":""},"tablet":{"background-color":"var(--ast-global-color-5)","background-image":"","background-repeat":"repeat","background-position":"center center","background-size":"auto","background-attachment":"scroll","background-type":"","background-media":"","overlay-type":"","overlay-color":"","overlay-opacity":"","overlay-gradient":""},"mobile":{"background-color":"var(--ast-global-color-5)","background-image":"","background-repeat":"repeat","background-position":"center center","background-size":"auto","background-attachment":"scroll","background-type":"","background-media":"","overlay-type":"","overlay-color":"","overlay-opacity":"","overlay-gradient":""}},"footnotes":""},"categories":[9],"tags":[68],"class_list":["post-1483","post","type-post","status-publish","format-standard","has-post-thumbnail","hentry","category-politique","tag-liberte-de-la-presse"],"_links":{"self":[{"href":"https:\/\/lesoleil.bf\/index.php\/wp-json\/wp\/v2\/posts\/1483","targetHints":{"allow":["GET"]}}],"collection":[{"href":"https:\/\/lesoleil.bf\/index.php\/wp-json\/wp\/v2\/posts"}],"about":[{"href":"https:\/\/lesoleil.bf\/index.php\/wp-json\/wp\/v2\/types\/post"}],"author":[{"embeddable":true,"href":"https:\/\/lesoleil.bf\/index.php\/wp-json\/wp\/v2\/users\/1"}],"replies":[{"embeddable":true,"href":"https:\/\/lesoleil.bf\/index.php\/wp-json\/wp\/v2\/comments?post=1483"}],"version-history":[{"count":1,"href":"https:\/\/lesoleil.bf\/index.php\/wp-json\/wp\/v2\/posts\/1483\/revisions"}],"predecessor-version":[{"id":1490,"href":"https:\/\/lesoleil.bf\/index.php\/wp-json\/wp\/v2\/posts\/1483\/revisions\/1490"}],"wp:featuredmedia":[{"embeddable":true,"href":"https:\/\/lesoleil.bf\/index.php\/wp-json\/wp\/v2\/media\/1484"}],"wp:attachment":[{"href":"https:\/\/lesoleil.bf\/index.php\/wp-json\/wp\/v2\/media?parent=1483"}],"wp:term":[{"taxonomy":"category","embeddable":true,"href":"https:\/\/lesoleil.bf\/index.php\/wp-json\/wp\/v2\/categories?post=1483"},{"taxonomy":"post_tag","embeddable":true,"href":"https:\/\/lesoleil.bf\/index.php\/wp-json\/wp\/v2\/tags?post=1483"}],"curies":[{"name":"wp","href":"https:\/\/api.w.org\/{rel}","templated":true}]}}