{"id":1468,"date":"2024-10-16T08:38:55","date_gmt":"2024-10-16T08:38:55","guid":{"rendered":"https:\/\/lesoleil.bf\/?p=1468"},"modified":"2024-10-16T08:40:45","modified_gmt":"2024-10-16T08:40:45","slug":"bobo-dioulasso-sankara-plus-present-dans-les-rues","status":"publish","type":"post","link":"https:\/\/lesoleil.bf\/index.php\/2024\/10\/16\/bobo-dioulasso-sankara-plus-present-dans-les-rues\/","title":{"rendered":"Bobo-Dioulasso : SANKARA plus pr\u00e9sent dans les rues"},"content":{"rendered":"<p>Ce 15 octobre 2024 sera marqu\u00e9 doublement dans l&rsquo;esprit des Bobolais et surtout des fans du leader de la R\u00e9volution d&rsquo;ao\u00fbt.<br \/>\nEn effet ce jour, une rue importante a \u00e9t\u00e9 baptis\u00e9e carrefour Thomas SANKARA par la D\u00e9l\u00e9gation sp\u00e9ciale. Il s&rsquo;agit du carrefour de l\u2019a\u00e9roport. On ne devrait plus l&rsquo;appeler rond-point Blaise-Kadhafi mais \u00ab rond-point Thomas Sankara \u00bb.<\/p>\n<p>\u00c0 noter que chaque 15 octobre comm\u00e9more la disparition de Thomas Sankara et douze de ses compagnons.<br \/>\nCe 15 octobre 2024, marque le 37\u00e8me anniversaire de l\u2019assassinat du p\u00e8re de la r\u00e9volution d\u2019ao\u00fbt 1983 et d\u00e9sormais pour les Bobovillois le bapt\u00eame de ce grand carrefour du nom de l&rsquo;enfant de Tema-Bokin.<\/p>\n<p>La d\u00e9l\u00e9gation sp\u00e9ciale communale de la ville de SYA tient ainsi \u00e0 rendre hommage au P\u00e8re de la R\u00e9volution d&rsquo;ao\u00fbt mais aussi de perp\u00e9tuer ses grandes id\u00e9es novatrices et panafricanistes qui ont marqu\u00e9es l&rsquo;humanit\u00e9 et surtout la jeunesse.<\/p>\n<p>#carrefourthomassankara_bobodioulasso<br \/>\n#15octobre2024_bobodioulasso<\/p>\n<p>Ernest BONDAONE<\/p>\n","protected":false},"excerpt":{"rendered":"<p>Ce 15 octobre 2024 sera marqu\u00e9 doublement dans l&rsquo;esprit des Bobolais et surtout des fans du leader de la R\u00e9volution d&rsquo;ao\u00fbt. En effet ce jour, une rue importante a \u00e9t\u00e9 baptis\u00e9e carrefour Thomas SANKARA par la D\u00e9l\u00e9gation sp\u00e9ciale. Il s&rsquo;agit du carrefour de l\u2019a\u00e9roport. On ne devrait plus l&rsquo;appeler rond-point Blaise-Kadhafi mais \u00ab rond-point Thomas [&hellip;]<\/p>\n","protected":false},"author":1,"featured_media":1470,"comment_status":"open","ping_status":"open","sticky":false,"template":"","format":"standard","meta":{"site-sidebar-layout":"default","site-content-layout":"","ast-site-content-layout":"default","site-content-style":"default","site-sidebar-style":"default","ast-global-header-display":"","ast-banner-title-visibility":"","ast-main-header-display":"","ast-hfb-above-header-display":"","ast-hfb-below-header-display":"","ast-hfb-mobile-header-display":"","site-post-title":"","ast-breadcrumbs-content":"","ast-featured-img":"","footer-sml-layout":"","theme-transparent-header-meta":"default","adv-header-id-meta":"","stick-header-meta":"","header-above-stick-meta":"","header-main-stick-meta":"","header-below-stick-meta":"","astra-migrate-meta-layouts":"set","ast-page-background-enabled":"default","ast-page-background-meta":{"desktop":{"background-color":"var(--ast-global-color-4)","background-image":"","background-repeat":"repeat","background-position":"center center","background-size":"auto","background-attachment":"scroll","background-type":"","background-media":"","overlay-type":"","overlay-color":"","overlay-opacity":"","overlay-gradient":""},"tablet":{"background-color":"","background-image":"","background-repeat":"repeat","background-position":"center center","background-size":"auto","background-attachment":"scroll","background-type":"","background-media":"","overlay-type":"","overlay-color":"","overlay-opacity":"","overlay-gradient":""},"mobile":{"background-color":"","background-image":"","background-repeat":"repeat","background-position":"center center","background-size":"auto","background-attachment":"scroll","background-type":"","background-media":"","overlay-type":"","overlay-color":"","overlay-opacity":"","overlay-gradient":""}},"ast-content-background-meta":{"desktop":{"background-color":"var(--ast-global-color-5)","background-image":"","background-repeat":"repeat","background-position":"center center","background-size":"auto","background-attachment":"scroll","background-type":"","background-media":"","overlay-type":"","overlay-color":"","overlay-opacity":"","overlay-gradient":""},"tablet":{"background-color":"var(--ast-global-color-5)","background-image":"","background-repeat":"repeat","background-position":"center center","background-size":"auto","background-attachment":"scroll","background-type":"","background-media":"","overlay-type":"","overlay-color":"","overlay-opacity":"","overlay-gradient":""},"mobile":{"background-color":"var(--ast-global-color-5)","background-image":"","background-repeat":"repeat","background-position":"center center","background-size":"auto","background-attachment":"scroll","background-type":"","background-media":"","overlay-type":"","overlay-color":"","overlay-opacity":"","overlay-gradient":""}},"footnotes":""},"categories":[4],"tags":[64],"class_list":["post-1468","post","type-post","status-publish","format-standard","has-post-thumbnail","hentry","category-societe","tag-15-octobre-2024-bobo-dioulasso"],"_links":{"self":[{"href":"https:\/\/lesoleil.bf\/index.php\/wp-json\/wp\/v2\/posts\/1468","targetHints":{"allow":["GET"]}}],"collection":[{"href":"https:\/\/lesoleil.bf\/index.php\/wp-json\/wp\/v2\/posts"}],"about":[{"href":"https:\/\/lesoleil.bf\/index.php\/wp-json\/wp\/v2\/types\/post"}],"author":[{"embeddable":true,"href":"https:\/\/lesoleil.bf\/index.php\/wp-json\/wp\/v2\/users\/1"}],"replies":[{"embeddable":true,"href":"https:\/\/lesoleil.bf\/index.php\/wp-json\/wp\/v2\/comments?post=1468"}],"version-history":[{"count":2,"href":"https:\/\/lesoleil.bf\/index.php\/wp-json\/wp\/v2\/posts\/1468\/revisions"}],"predecessor-version":[{"id":1472,"href":"https:\/\/lesoleil.bf\/index.php\/wp-json\/wp\/v2\/posts\/1468\/revisions\/1472"}],"wp:featuredmedia":[{"embeddable":true,"href":"https:\/\/lesoleil.bf\/index.php\/wp-json\/wp\/v2\/media\/1470"}],"wp:attachment":[{"href":"https:\/\/lesoleil.bf\/index.php\/wp-json\/wp\/v2\/media?parent=1468"}],"wp:term":[{"taxonomy":"category","embeddable":true,"href":"https:\/\/lesoleil.bf\/index.php\/wp-json\/wp\/v2\/categories?post=1468"},{"taxonomy":"post_tag","embeddable":true,"href":"https:\/\/lesoleil.bf\/index.php\/wp-json\/wp\/v2\/tags?post=1468"}],"curies":[{"name":"wp","href":"https:\/\/api.w.org\/{rel}","templated":true}]}}