{"id":1399,"date":"2024-10-20T19:05:23","date_gmt":"2024-10-20T19:05:23","guid":{"rendered":"https:\/\/lesoleil.bf\/?p=1399"},"modified":"2024-10-21T19:26:39","modified_gmt":"2024-10-21T19:26:39","slug":"3eme-edition-de-la-nuit-des-ongs-ampo-etait-la","status":"publish","type":"post","link":"https:\/\/lesoleil.bf\/index.php\/2024\/10\/20\/3eme-edition-de-la-nuit-des-ongs-ampo-etait-la\/","title":{"rendered":"3\u00e8me \u00e9dition de la Nuit des ONG : AMPO\/ACPS \u00e9tait l\u00e0"},"content":{"rendered":"<p>La troisi\u00e8me \u00e9dition de la Nuit des ONG s&rsquo;est d\u00e9roul\u00e9e du 20 au 21 septembre 2024 dans la salle de conf\u00e9rence Ouaga 2000. L\u2019Association Managr\u00e9-Nooma pour la Protection des Orphelins\/ Association Charitable pour la Promotion du Sahel (AMPO\/ACPS) \u00e9tait \u00e0 sa premi\u00e8re participation et s\u2019est vu d\u00e9cern\u00e9e le prix du meilleur secteur humanitaire. Nous avons eu l&rsquo;occasion de rencontrer Mme DENNE, la Charg\u00e9e de mobilisation des ressources de l\u2019ONG, Elle nous a fait d\u00e9couvrir l&rsquo;ONG et ses initiatives. Lors de cette \u00e9dition, AMPO\/ACPS a pr\u00e9sent\u00e9 les produits de ses divers centres \u00e0 travers deux stands aux couleurs de son organisation.<\/p>\n<figure id=\"attachment_1480\" aria-describedby=\"caption-attachment-1480\" style=\"width: 1024px\" class=\"wp-caption alignnone\"><img loading=\"lazy\" decoding=\"async\" class=\"wp-image-1480 size-large\" src=\"https:\/\/lesoleil.bf\/wp-content\/uploads\/2024\/10\/Mme-DENNE-la-Chargee-de-mobilisation-des-ressources-de-AMPO1-1024x768.jpeg\" alt=\"\" width=\"1024\" height=\"768\" srcset=\"https:\/\/lesoleil.bf\/wp-content\/uploads\/2024\/10\/Mme-DENNE-la-Chargee-de-mobilisation-des-ressources-de-AMPO1-1024x768.jpeg 1024w, https:\/\/lesoleil.bf\/wp-content\/uploads\/2024\/10\/Mme-DENNE-la-Chargee-de-mobilisation-des-ressources-de-AMPO1-300x225.jpeg 300w, https:\/\/lesoleil.bf\/wp-content\/uploads\/2024\/10\/Mme-DENNE-la-Chargee-de-mobilisation-des-ressources-de-AMPO1-768x576.jpeg 768w, https:\/\/lesoleil.bf\/wp-content\/uploads\/2024\/10\/Mme-DENNE-la-Chargee-de-mobilisation-des-ressources-de-AMPO1.jpeg 1040w\" sizes=\"auto, (max-width: 1024px) 100vw, 1024px\" \/><figcaption id=\"caption-attachment-1480\" class=\"wp-caption-text\"><em>Mme DENNE, la Charg\u00e9e de mobilisation des ressources de AMPO\/ACPS<\/em><\/figcaption><\/figure>\n<p><img loading=\"lazy\" decoding=\"async\" class=\"alignnone wp-image-1401\" src=\"https:\/\/lesoleil.bf\/wp-content\/uploads\/2024\/10\/AMPO_Logo_01_4c-FR-300x157.png\" alt=\"\" width=\"474\" height=\"248\" srcset=\"https:\/\/lesoleil.bf\/wp-content\/uploads\/2024\/10\/AMPO_Logo_01_4c-FR-300x157.png 300w, https:\/\/lesoleil.bf\/wp-content\/uploads\/2024\/10\/AMPO_Logo_01_4c-FR-768x402.png 768w, https:\/\/lesoleil.bf\/wp-content\/uploads\/2024\/10\/AMPO_Logo_01_4c-FR.png 956w\" sizes=\"auto, (max-width: 474px) 100vw, 474px\" \/><\/p>\n<p><strong>Pr\u00e9sentez-nous votre structure ?<\/strong><\/p>\n<p>Cr\u00e9\u00e9e en 1995, <strong>l\u2019Association<\/strong>\u00a0Managr\u00e9 Nooma pour la Protection des Orphelins (AMPO) est devenue depuis mai 2019 ONG <strong>l\u2019Association\u00a0Managr\u00e9 Nooma pour la Protection des Orphelins\/Association Charitable pour Promotion du Sahel (AMPO\/ACPS)<\/strong>. Elle a pour mission\u00a0de \u00ab\u00a0contribuer \u00e0 l\u2019am\u00e9lioration des conditions de vie des personnes d\u00e9munies et des enfants en d\u00e9tresses \u00e0 travers l\u2019\u00e9ducation, les soins de sant\u00e9, la formation professionnelle, l\u2019insertion socio\u00e9conomique\u00a0\u00bb.<\/p>\n<p>L\u2019ONG intervient dans cinq domaines \u00e0 savoir la sant\u00e9, l\u2019\u00e9ducation, l\u2019Action humanitaire, la formation professionnelle et l\u2019Agro\u00e9cologie. Nous avons cinq centres qui sont :<\/p>\n<ul>\n<li><strong>Deux orphelinats<\/strong> (filles et gar\u00e7ons) d\u2019une capacit\u00e9 d\u2019accueil de 120 pensionnaires. Ces pensionnaires sont h\u00e9berg\u00e9s, scolaris\u00e9s, aliment\u00e9s, soign\u00e9s. Et apprennent un m\u00e9tier \u00e0 leur guise pour ceux qui n\u2019ont pas un niveau scolaire jusqu&rsquo;\u00e0 l&rsquo;\u00e2ge de la majorit\u00e9 (18 ans) avant la fin de leur s\u00e9jour \u00e0 l\u2019internat. Ils\/elles b\u00e9n\u00e9ficient d&rsquo;un accompagnement d\u2019au moins deux ans selon les fili\u00e8res de formation scolaire universitaire et\/ou professionnelle de leur choix. Cela pour faciliter leur r\u00e9insertion socioprofessionnelle.<\/li>\n<li>Centre d\u2019accueil et h\u00e9bergement pour jeunes filles en difficult\u00e9 appel\u00e9 <strong>MIA-ALMA<\/strong>. Ce centre abrite des filles qui ont v\u00e9cu des exp\u00e9riences \u00e9pouvantables : victimes de mariages forc\u00e9s, d\u2019abus sexuel, de la prostitution, de grossesses pr\u00e9coces, de rejet familial et social et en conflit avec la loi. MIA\/ALMA est l\u2019un des foyers \u00e0 Ouagadougou \u00e0 offrir une solution \u00e0 leur situation. Il a une capacit\u00e9 d\u2019accueil de 45 filles et leurs b\u00e9b\u00e9s.\u00a0 La plupart d&rsquo;entre elles fr\u00e9quentent l&rsquo;\u00e9cole classique et apprennent la couture, la coiffure et la restauration. Il leur ait \u00e9galement offert l\u2019opportunit\u00e9 d\u2019apprendre \u00e0 lire et \u00e0 \u00e9crire \u00e0 travers l\u2019alphab\u00e9tisation. Lors de leur s\u00e9jour de deux \u00e0 trois ans, elles se pr\u00e9parent \u00e0 une vie autonome gr\u00e2ce aux diff\u00e9rentes formations re\u00e7ues et r\u00e9int\u00e8grent leurs familles gr\u00e2ce aux m\u00e9diations familiales entreprises.<\/li>\n<\/ul>\n<p>Elles ont trois (03) ans de formation et \u00e0 l\u2019issue de ses trois ans elles b\u00e9n\u00e9ficient d\u2019un kit d\u2019installation afin de pouvoir ouvrir un atelier, une entreprise \u00e0 leur propre compte et gagner des revenus pour elles-m\u00eames. Par la m\u00eame occasion, elles cr\u00e9ent aussi de l\u2019emploi pour les autres.<\/p>\n<ul>\n<li>AMPO\/ACPS \u0153uvre dans le domaine de la sant\u00e9 gr\u00e2ce \u00e0 son centre m\u00e9dical ouvert en 1999 pour fournir des soins g\u00e9n\u00e9raux aux pensionnaires des orphelinats. Face aux nombreuses sollicitations des populations en difficult\u00e9, la structure s&rsquo;est rapidement d\u00e9velopp\u00e9e en fonction de l&rsquo;expression des besoins en soins et de disponibilit\u00e9 des ressources. Le centre de sant\u00e9 propose divers services tels que (<strong>m\u00e9decine g\u00e9n\u00e9rale, Odonto-stomatologie, optique et ophtalmologie, laboratoire d&rsquo;analyse m\u00e9dicale, gyn\u00e9cologie), <\/strong>ainsi que des projets sous-jacents tels que<strong> : Maison Linda (centre <\/strong>de r\u00e9cup\u00e9ration nutritionnelle<strong>), VIIMDE (accompagnement des personnes vivant avec le VIH\/SIDA), REHA (centre de r\u00e9habilitation fonctionnelle) ; AMPO Kits(<\/strong>assistance financi\u00e8re des malades dans les centres hospitaliers de la ville de Ouagadougou<strong>) DearMamma\/YikPinda (<\/strong>sensibilisation, formation et d\u00e9pistage pr\u00e9coce du cancer du sein<strong>)<\/strong> \u00a0il faut noter que \u00a0le centre a pour objectif de soigner la population d\u00e9munie de la ville de Ouagadougou et de ses environs en mati\u00e8re de sant\u00e9 et de bien\u00eatre. La population est soign\u00e9e \u00e0 un prix social les consultations co\u00fbtent 200 FCFA, et les produits sont donn\u00e9s gratuitement \u00e0 la limite du stock disponible gr\u00e2ce \u00e0 l\u2019accompagnement de ses partenaires.<\/li>\n<li>un Centre de Formation Agrobiologique <strong>TONDTENGA<\/strong> (AMPO\/TT) est cr\u00e9\u00e9 en 2005, situ\u00e9 \u00e0 l\u2019arrondissement 11 de la ville de Ouagadougou pr\u00e9cis\u00e9ment \u00e0 Ouidtenga. Il est class\u00e9 en tant qu&rsquo;\u00e9tablissement priv\u00e9 communautaire \u00e0 internat. Il offre une formation aux jeunes d\u00e9scolaris\u00e9s et non scolaris\u00e9s provenant des zones rurales en techniques de production v\u00e9g\u00e9tale, animale et foresti\u00e8re. \u00c0 l\u2019issue de deux ans de formation, il accompagne les b\u00e9n\u00e9ficiaires avec Kits d\u2019installation pour les autoentrepreneurs, et installation pour les coop\u00e9ratives avec\u00a0: un terrain s\u00e9curis\u00e9 (au moins 3 hectares), forage \u00e0 d\u00e9bit agricole, syst\u00e8me de pompage solaire, cl\u00f4ture grillag\u00e9e d\u2019un hectare, construction de poulaillers, bergerie et \u00e9quipements et intrants agricoles.<\/li>\n<\/ul>\n<p>L\u2019objectif est de les aider \u00e0 cr\u00e9er de l\u2019emploi et contribuer ainsi au d\u00e9veloppement de leur terroir. Le centre offre \u00e9galement des formations \u00e0 la carte.<\/p>\n<ul>\n<li>\u00a0un Centre pour les personnes en situation de handicap<strong> TOND NAON <\/strong>et ses trois composantes (handicap mobile, pang la wend\u00e9, centre de formation) les actions suivantes sont men\u00e9es\u00a0:\n<ul>\n<li>Fabrication et distribution des tricycles \u00e0 des personnes en situation de handicap moteur et d\u00e9munies\u00a0;<\/li>\n<li>Vente de pi\u00e8ces d\u00e9tach\u00e9es et r\u00e9paration de tricycles dans les 45 provinces du Burkina Faso \u00e0 prix social\u00a0;<\/li>\n<li>Formation des jeunes en situation de handicap en menuiserie m\u00e9tallique, m\u00e9canique cycle et moto cycle.<\/li>\n<\/ul>\n<\/li>\n<\/ul>\n<p>Bient\u00f4t nous f\u00eaterons nos trente ans d\u2019existence. Nous saisirons l\u2019occasion pour pr\u00e9senter ce que nous avons men\u00e9 comme action jusque-l\u00e0. Tout ce que nous faisons c\u2019est pour le bonheur des populations, les plus d\u00e9munies et les enfants en situation de d\u00e9tresse.<\/p>\n<p><strong>Y a-t-il des activit\u00e9s de vacances \u00e0 votre niveau ?<\/strong><\/p>\n<p>Oui, pendant les vacances les pensionnaires apprennent plusieurs activit\u00e9s telle que la danse, la musique, la peinture la cuisine les cours d\u2019allemand, le cirque le dessin\u2026<\/p>\n<p><strong>Peut-on \u00eatre une personne ext\u00e9rieure et b\u00e9n\u00e9ficier de vos services ? <\/strong><\/p>\n<p>Nos services sont ouverts. Cependant au niveau de l\u2019orphelinat nous accueillons les enfants qui ont l\u2019\u00e2ge de 7 ans et plus. Les enfants y restent jusqu\u2019\u00e0 l\u2019\u00e2ge de la majorit\u00e9 (18) ans. A partir de cet \u00e2ge, ils quittent le centre pour rejoindre leur famille ou tuteur. Ils int\u00e8grent le programme suivi-formation de AMPO\/ACPS qui est une composante des orphelinats pour un accompagnement (poursuite de la scolarisation et formation professionnelle) d\u2019au moins deux ans Si l\u2019enfant \u00e9tait scolaris\u00e9, AMPO\/ACPS continue de payer la scolarit\u00e9 jusqu\u2019\u00e0 ce qu\u2019ils atteignent un niveau qui puisse leur permettre de s\u2019en sortir dans la vie.<br \/>\nD\u00e8s que nos pensionnaires finissent leur formation dans les diff\u00e9rents m\u00e9tiers nous leur accompagnons \u00e0 s\u2019installer et ouvrir leur atelier.<\/p>\n<p>Nous contribuons \u00e0 payer la scolarit\u00e9 externe de certaines personnes en situation d\u00e9munie. Pour b\u00e9n\u00e9ficier de cette aide, une enqu\u00eate pr\u00e9alable confirme la situation de la personne avant la prise en charge.<\/p>\n<p><strong>Un mot pour finir !<\/strong><\/p>\n<p>Nous disons merci \u00e0 tous nos partenaires technique et financier et les personnes de bonne volont\u00e9 qui nous accompagnent depuis belle lurette dans notre mission qui est de contribuer \u00e0 l\u2019am\u00e9lioration des conditions de vie des personnes d\u00e9munies et des enfants en d\u00e9tresses \u00e0 travers l\u2019\u00e9ducation, les soins de sant\u00e9, la formation professionnelle, l\u2019insertion socio\u00e9conomique. Nous invitons les entreprises, les bailleurs de fond, les op\u00e9rateurs \u00e9conomiques surtout les locaux, les bonnes volont\u00e9s \u00e0 venir d\u00e9couvrir AMPO\/ACPS et \u00e0 l\u2019accompagner dans la prise en charge des personnes d\u00e9munies et vuln\u00e9rables.<br \/>\nAMPO \/ACPS Peut mieux faire avec leur soutien. Aussi si des personnes de bonne volont\u00e9 sont int\u00e9ress\u00e9es par des parrainages qu\u2019elles n\u2019h\u00e9sitent pas \u00e0 nous faire signe.<br \/>\nComme le dit notre slogan, \u00ab\u00a0le bienfait n\u2019est jamais perdu\u00a0\u00bb.<\/p>\n<p style=\"text-align: right;\"><strong>Propos recueillis par Roger SAWADOGO<\/strong><\/p>\n","protected":false},"excerpt":{"rendered":"<p>La troisi\u00e8me \u00e9dition de la Nuit des ONG s&rsquo;est d\u00e9roul\u00e9e du 20 au 21 septembre 2024 dans la salle de conf\u00e9rence Ouaga 2000. L\u2019Association Managr\u00e9-Nooma pour la Protection des Orphelins\/ Association Charitable pour la Promotion du Sahel (AMPO\/ACPS) \u00e9tait \u00e0 sa premi\u00e8re participation et s\u2019est vu d\u00e9cern\u00e9e le prix du meilleur secteur humanitaire. Nous avons [&hellip;]<\/p>\n","protected":false},"author":1,"featured_media":1481,"comment_status":"open","ping_status":"open","sticky":false,"template":"","format":"standard","meta":{"site-sidebar-layout":"default","site-content-layout":"","ast-site-content-layout":"default","site-content-style":"default","site-sidebar-style":"default","ast-global-header-display":"","ast-banner-title-visibility":"","ast-main-header-display":"","ast-hfb-above-header-display":"","ast-hfb-below-header-display":"","ast-hfb-mobile-header-display":"","site-post-title":"","ast-breadcrumbs-content":"","ast-featured-img":"","footer-sml-layout":"","theme-transparent-header-meta":"default","adv-header-id-meta":"","stick-header-meta":"","header-above-stick-meta":"","header-main-stick-meta":"","header-below-stick-meta":"","astra-migrate-meta-layouts":"set","ast-page-background-enabled":"default","ast-page-background-meta":{"desktop":{"background-color":"var(--ast-global-color-4)","background-image":"","background-repeat":"repeat","background-position":"center center","background-size":"auto","background-attachment":"scroll","background-type":"","background-media":"","overlay-type":"","overlay-color":"","overlay-opacity":"","overlay-gradient":""},"tablet":{"background-color":"","background-image":"","background-repeat":"repeat","background-position":"center center","background-size":"auto","background-attachment":"scroll","background-type":"","background-media":"","overlay-type":"","overlay-color":"","overlay-opacity":"","overlay-gradient":""},"mobile":{"background-color":"","background-image":"","background-repeat":"repeat","background-position":"center center","background-size":"auto","background-attachment":"scroll","background-type":"","background-media":"","overlay-type":"","overlay-color":"","overlay-opacity":"","overlay-gradient":""}},"ast-content-background-meta":{"desktop":{"background-color":"var(--ast-global-color-5)","background-image":"","background-repeat":"repeat","background-position":"center center","background-size":"auto","background-attachment":"scroll","background-type":"","background-media":"","overlay-type":"","overlay-color":"","overlay-opacity":"","overlay-gradient":""},"tablet":{"background-color":"var(--ast-global-color-5)","background-image":"","background-repeat":"repeat","background-position":"center center","background-size":"auto","background-attachment":"scroll","background-type":"","background-media":"","overlay-type":"","overlay-color":"","overlay-opacity":"","overlay-gradient":""},"mobile":{"background-color":"var(--ast-global-color-5)","background-image":"","background-repeat":"repeat","background-position":"center center","background-size":"auto","background-attachment":"scroll","background-type":"","background-media":"","overlay-type":"","overlay-color":"","overlay-opacity":"","overlay-gradient":""}},"footnotes":""},"categories":[4],"tags":[48,67],"class_list":["post-1399","post","type-post","status-publish","format-standard","has-post-thumbnail","hentry","category-societe","tag-ampo","tag-ampo-acps"],"_links":{"self":[{"href":"https:\/\/lesoleil.bf\/index.php\/wp-json\/wp\/v2\/posts\/1399","targetHints":{"allow":["GET"]}}],"collection":[{"href":"https:\/\/lesoleil.bf\/index.php\/wp-json\/wp\/v2\/posts"}],"about":[{"href":"https:\/\/lesoleil.bf\/index.php\/wp-json\/wp\/v2\/types\/post"}],"author":[{"embeddable":true,"href":"https:\/\/lesoleil.bf\/index.php\/wp-json\/wp\/v2\/users\/1"}],"replies":[{"embeddable":true,"href":"https:\/\/lesoleil.bf\/index.php\/wp-json\/wp\/v2\/comments?post=1399"}],"version-history":[{"count":6,"href":"https:\/\/lesoleil.bf\/index.php\/wp-json\/wp\/v2\/posts\/1399\/revisions"}],"predecessor-version":[{"id":1482,"href":"https:\/\/lesoleil.bf\/index.php\/wp-json\/wp\/v2\/posts\/1399\/revisions\/1482"}],"wp:featuredmedia":[{"embeddable":true,"href":"https:\/\/lesoleil.bf\/index.php\/wp-json\/wp\/v2\/media\/1481"}],"wp:attachment":[{"href":"https:\/\/lesoleil.bf\/index.php\/wp-json\/wp\/v2\/media?parent=1399"}],"wp:term":[{"taxonomy":"category","embeddable":true,"href":"https:\/\/lesoleil.bf\/index.php\/wp-json\/wp\/v2\/categories?post=1399"},{"taxonomy":"post_tag","embeddable":true,"href":"https:\/\/lesoleil.bf\/index.php\/wp-json\/wp\/v2\/tags?post=1399"}],"curies":[{"name":"wp","href":"https:\/\/api.w.org\/{rel}","templated":true}]}}