{"id":1295,"date":"2024-09-22T11:20:39","date_gmt":"2024-09-22T11:20:39","guid":{"rendered":"https:\/\/lesoleil.bf\/?p=1295"},"modified":"2024-09-22T12:52:47","modified_gmt":"2024-09-22T12:52:47","slug":"vih-sida-re-nai-ds-pose-la-premiere-pierre-de-son-centre-de-sante","status":"publish","type":"post","link":"https:\/\/lesoleil.bf\/index.php\/2024\/09\/22\/vih-sida-re-nai-ds-pose-la-premiere-pierre-de-son-centre-de-sante\/","title":{"rendered":"\u00ab\u00a0Acc\u00e8s aux soins\u00a0\u00bb  : RENAIDS pose la premi\u00e8re pierre de son centre de sant\u00e9"},"content":{"rendered":"<p>Dans six mois, sauf catastrophe,\u00a0 le R\u00e9seau National des Associations Intervenants dans le Domaine de la Sant\u00e9 (RENAIDS) inaugurera son centre de sant\u00e9 communautaire. Cette promesse, elle l&rsquo;a faite ce 21 septembre 2024 \u00e0 son si\u00e8ge \u00e0 Ouagadougou o\u00f9 a eu lieu la pose de la premi\u00e8re pierre de ce centre de sant\u00e9.<br \/>\nApr\u00e8s les b\u00e9n\u00e9dictions du Maalgr Naaba de Rayongo, repr\u00e9sentant le Chef de Rayongo, c&rsquo;est \u00e0 une c\u00e9r\u00e9monie symbiose entre autorit\u00e9s et responsables du R\u00e9seau qui a \u00e9t\u00e9 donn\u00e9 de voir.Dans son allocution, Marou YANOGO, Pr\u00e9sident de la d\u00e9l\u00e9gation sp\u00e9ciale de l&rsquo;arrondissement 11 s&rsquo;est r\u00e9joui que l&rsquo;\u00e9rection de ce centre de sant\u00e9 vienne faciliter le quotidien des populations. La construction de cet ouvrage contribuera \u00e0 &lt;&lt;faciliter l&rsquo;acc\u00e8s \u00e0 l&rsquo;eau potable et \u00e0 rendre disponible l&rsquo;eau \u00e0 moindre co\u00fbt&gt;&gt; surtout dans cette zone p\u00e9riph\u00e9rique o\u00f9 les droits les plus \u00e9l\u00e9mentaires des populations ne sont pas toujours assouvis.<\/p>\n<p><img loading=\"lazy\" decoding=\"async\" class=\"alignnone size-medium wp-image-1296\" src=\"https:\/\/lesoleil.bf\/wp-content\/uploads\/2024\/09\/WhatsApp-Image-2024-09-21-at-19.03.59-300x225.jpeg\" alt=\"\" width=\"300\" height=\"225\" srcset=\"https:\/\/lesoleil.bf\/wp-content\/uploads\/2024\/09\/WhatsApp-Image-2024-09-21-at-19.03.59-300x225.jpeg 300w, https:\/\/lesoleil.bf\/wp-content\/uploads\/2024\/09\/WhatsApp-Image-2024-09-21-at-19.03.59-1024x768.jpeg 1024w, https:\/\/lesoleil.bf\/wp-content\/uploads\/2024\/09\/WhatsApp-Image-2024-09-21-at-19.03.59-768x576.jpeg 768w, https:\/\/lesoleil.bf\/wp-content\/uploads\/2024\/09\/WhatsApp-Image-2024-09-21-at-19.03.59.jpeg 1040w\" sizes=\"auto, (max-width: 300px) 100vw, 300px\" \/> <img loading=\"lazy\" decoding=\"async\" class=\"alignnone size-medium wp-image-1297\" src=\"https:\/\/lesoleil.bf\/wp-content\/uploads\/2024\/09\/WhatsApp-Image-2024-09-21-at-19.04.23-300x225.jpeg\" alt=\"\" width=\"300\" height=\"225\" srcset=\"https:\/\/lesoleil.bf\/wp-content\/uploads\/2024\/09\/WhatsApp-Image-2024-09-21-at-19.04.23-300x225.jpeg 300w, https:\/\/lesoleil.bf\/wp-content\/uploads\/2024\/09\/WhatsApp-Image-2024-09-21-at-19.04.23-1024x768.jpeg 1024w, https:\/\/lesoleil.bf\/wp-content\/uploads\/2024\/09\/WhatsApp-Image-2024-09-21-at-19.04.23-768x576.jpeg 768w, https:\/\/lesoleil.bf\/wp-content\/uploads\/2024\/09\/WhatsApp-Image-2024-09-21-at-19.04.23.jpeg 1040w\" sizes=\"auto, (max-width: 300px) 100vw, 300px\" \/> <img loading=\"lazy\" decoding=\"async\" class=\"alignnone size-medium wp-image-1298\" src=\"https:\/\/lesoleil.bf\/wp-content\/uploads\/2024\/09\/WhatsApp-Image-2024-09-21-at-19.04.43-300x225.jpeg\" alt=\"\" width=\"300\" height=\"225\" srcset=\"https:\/\/lesoleil.bf\/wp-content\/uploads\/2024\/09\/WhatsApp-Image-2024-09-21-at-19.04.43-300x225.jpeg 300w, https:\/\/lesoleil.bf\/wp-content\/uploads\/2024\/09\/WhatsApp-Image-2024-09-21-at-19.04.43-1024x768.jpeg 1024w, https:\/\/lesoleil.bf\/wp-content\/uploads\/2024\/09\/WhatsApp-Image-2024-09-21-at-19.04.43-768x576.jpeg 768w, https:\/\/lesoleil.bf\/wp-content\/uploads\/2024\/09\/WhatsApp-Image-2024-09-21-at-19.04.43.jpeg 1040w\" sizes=\"auto, (max-width: 300px) 100vw, 300px\" \/> <img loading=\"lazy\" decoding=\"async\" class=\"alignnone size-medium wp-image-1299\" src=\"https:\/\/lesoleil.bf\/wp-content\/uploads\/2024\/09\/WhatsApp-Image-2024-09-21-at-19.05.52-300x225.jpeg\" alt=\"\" width=\"300\" height=\"225\" srcset=\"https:\/\/lesoleil.bf\/wp-content\/uploads\/2024\/09\/WhatsApp-Image-2024-09-21-at-19.05.52-300x225.jpeg 300w, https:\/\/lesoleil.bf\/wp-content\/uploads\/2024\/09\/WhatsApp-Image-2024-09-21-at-19.05.52-1024x768.jpeg 1024w, https:\/\/lesoleil.bf\/wp-content\/uploads\/2024\/09\/WhatsApp-Image-2024-09-21-at-19.05.52-768x576.jpeg 768w, https:\/\/lesoleil.bf\/wp-content\/uploads\/2024\/09\/WhatsApp-Image-2024-09-21-at-19.05.52.jpeg 1040w\" sizes=\"auto, (max-width: 300px) 100vw, 300px\" \/><br \/>\nZacharia YABRE, repr\u00e9sentant le ministre de la Sant\u00e9 absent a traduit toute la reconnaissance des premiers responsables de son d\u00e9partement pour les efforts consentis par RENAIDS. C&rsquo;est la preuve de la &lt;&lt;confirmation et de la consolidation&gt;&gt; du leadership de la structure dans le domaine de la sant\u00e9 communautaire.<br \/>\nInoussa SARE, h\u00f4te du jour et Pr\u00e9sident du conseil d&rsquo;administration ( PCA) a quant \u00e0 lui remerci\u00e9 les diff\u00e9rentes couches socio-professionnelle qui ont effectu\u00e9 le d\u00e9placement pour cette c\u00e9r\u00e9monie et aussi tous ceux qui oeuvrent au quotidien \u00e0 leurs c\u00f4t\u00e9s dans la r\u00e9alisation des objectifs qu&rsquo;ils se sont fix\u00e9s. Pour lui, le centre de sant\u00e9 va offrir des faveurs en mati\u00e8re d&rsquo;acc\u00e8s aux soins de sant\u00e9. Des espaces m\u00e8res-enfants, jeunes et adultes vont \u00eatre offerts pour r\u00e9ussir l&rsquo;adh\u00e9sion et l&rsquo;inclusion de ce centre de sant\u00e9 aux populations.<br \/>\nUne s\u00e9ance de plantation d&rsquo;arbres a \u00e9t\u00e9 effectu\u00e9e par les leaders communautaires et les autres autorit\u00e9s pr\u00e9sent\u00e9s.<br \/>\nAux veuves des Volontaires pour la d\u00e9fense de la patrie, un ch\u00e8que de 1 million et des kits d&rsquo;une valeur de 25 millions ont \u00e9t\u00e9 remis \u00e0 l&rsquo;association des veuves et orphelins des Forces de d\u00e9fense et de s\u00e9curit\u00e9 ( FDS) tomb\u00e9s au front dans le cadre de leur travail de d\u00e9fense des fronti\u00e8res du pays.<br \/>\nDes attestations ont \u00e9t\u00e9 par ailleurs attribu\u00e9es aux partenaires et autres prestataires du R\u00e9seau.<\/p>\n","protected":false},"excerpt":{"rendered":"<p>Dans six mois, sauf catastrophe,\u00a0 le R\u00e9seau National des Associations Intervenants dans le Domaine de la Sant\u00e9 (RENAIDS) inaugurera son centre de sant\u00e9 communautaire. Cette promesse, elle l&rsquo;a faite ce 21 septembre 2024 \u00e0 son si\u00e8ge \u00e0 Ouagadougou o\u00f9 a eu lieu la pose de la premi\u00e8re pierre de ce centre de sant\u00e9. Apr\u00e8s les [&hellip;]<\/p>\n","protected":false},"author":1,"featured_media":1300,"comment_status":"open","ping_status":"open","sticky":false,"template":"","format":"standard","meta":{"site-sidebar-layout":"default","site-content-layout":"","ast-site-content-layout":"default","site-content-style":"default","site-sidebar-style":"default","ast-global-header-display":"","ast-banner-title-visibility":"","ast-main-header-display":"","ast-hfb-above-header-display":"","ast-hfb-below-header-display":"","ast-hfb-mobile-header-display":"","site-post-title":"","ast-breadcrumbs-content":"","ast-featured-img":"","footer-sml-layout":"","theme-transparent-header-meta":"default","adv-header-id-meta":"","stick-header-meta":"","header-above-stick-meta":"","header-main-stick-meta":"","header-below-stick-meta":"","astra-migrate-meta-layouts":"set","ast-page-background-enabled":"default","ast-page-background-meta":{"desktop":{"background-color":"var(--ast-global-color-4)","background-image":"","background-repeat":"repeat","background-position":"center center","background-size":"auto","background-attachment":"scroll","background-type":"","background-media":"","overlay-type":"","overlay-color":"","overlay-opacity":"","overlay-gradient":""},"tablet":{"background-color":"","background-image":"","background-repeat":"repeat","background-position":"center center","background-size":"auto","background-attachment":"scroll","background-type":"","background-media":"","overlay-type":"","overlay-color":"","overlay-opacity":"","overlay-gradient":""},"mobile":{"background-color":"","background-image":"","background-repeat":"repeat","background-position":"center center","background-size":"auto","background-attachment":"scroll","background-type":"","background-media":"","overlay-type":"","overlay-color":"","overlay-opacity":"","overlay-gradient":""}},"ast-content-background-meta":{"desktop":{"background-color":"var(--ast-global-color-5)","background-image":"","background-repeat":"repeat","background-position":"center center","background-size":"auto","background-attachment":"scroll","background-type":"","background-media":"","overlay-type":"","overlay-color":"","overlay-opacity":"","overlay-gradient":""},"tablet":{"background-color":"var(--ast-global-color-5)","background-image":"","background-repeat":"repeat","background-position":"center center","background-size":"auto","background-attachment":"scroll","background-type":"","background-media":"","overlay-type":"","overlay-color":"","overlay-opacity":"","overlay-gradient":""},"mobile":{"background-color":"var(--ast-global-color-5)","background-image":"","background-repeat":"repeat","background-position":"center center","background-size":"auto","background-attachment":"scroll","background-type":"","background-media":"","overlay-type":"","overlay-color":"","overlay-opacity":"","overlay-gradient":""}},"footnotes":""},"categories":[5,8],"tags":[32,33],"class_list":["post-1295","post","type-post","status-publish","format-standard","has-post-thumbnail","hentry","category-sante","category-sport","tag-renaids","tag-vih-sida"],"_links":{"self":[{"href":"https:\/\/lesoleil.bf\/index.php\/wp-json\/wp\/v2\/posts\/1295","targetHints":{"allow":["GET"]}}],"collection":[{"href":"https:\/\/lesoleil.bf\/index.php\/wp-json\/wp\/v2\/posts"}],"about":[{"href":"https:\/\/lesoleil.bf\/index.php\/wp-json\/wp\/v2\/types\/post"}],"author":[{"embeddable":true,"href":"https:\/\/lesoleil.bf\/index.php\/wp-json\/wp\/v2\/users\/1"}],"replies":[{"embeddable":true,"href":"https:\/\/lesoleil.bf\/index.php\/wp-json\/wp\/v2\/comments?post=1295"}],"version-history":[{"count":3,"href":"https:\/\/lesoleil.bf\/index.php\/wp-json\/wp\/v2\/posts\/1295\/revisions"}],"predecessor-version":[{"id":1311,"href":"https:\/\/lesoleil.bf\/index.php\/wp-json\/wp\/v2\/posts\/1295\/revisions\/1311"}],"wp:featuredmedia":[{"embeddable":true,"href":"https:\/\/lesoleil.bf\/index.php\/wp-json\/wp\/v2\/media\/1300"}],"wp:attachment":[{"href":"https:\/\/lesoleil.bf\/index.php\/wp-json\/wp\/v2\/media?parent=1295"}],"wp:term":[{"taxonomy":"category","embeddable":true,"href":"https:\/\/lesoleil.bf\/index.php\/wp-json\/wp\/v2\/categories?post=1295"},{"taxonomy":"post_tag","embeddable":true,"href":"https:\/\/lesoleil.bf\/index.php\/wp-json\/wp\/v2\/tags?post=1295"}],"curies":[{"name":"wp","href":"https:\/\/api.w.org\/{rel}","templated":true}]}}