{"id":1275,"date":"2024-09-18T10:49:33","date_gmt":"2024-09-18T10:49:33","guid":{"rendered":"https:\/\/lesoleil.bf\/?p=1275"},"modified":"2024-09-18T13:13:48","modified_gmt":"2024-09-18T13:13:48","slug":"parodie-au-burkina-le-saint-pere-fera-un-appel-solennel","status":"publish","type":"post","link":"https:\/\/lesoleil.bf\/index.php\/2024\/09\/18\/parodie-au-burkina-le-saint-pere-fera-un-appel-solennel\/","title":{"rendered":"Parodie au Burkina: Le \u00ab\u00a0Saint P\u00e8re\u00a0\u00bb fera un appel solennel"},"content":{"rendered":"<p>La Page \u00ab\u00a0les Ablaceries du Faso\u00a0\u00bb brille par sa bizarrerie, le contexte de la conf\u00e9rence de presse du 15 septembre 2024 n&rsquo;en est pas en reste. Les journalistes, guest stars du jour suivent l&rsquo;\u00e9v\u00e9nement dans une ambiance de d\u00e9tente et au milieu de senteurs de grillades. TZ Grill, qui est aux man\u0153uvres, proc\u00e8de aux barbecue.<br \/>\nL\u2019appel solennel du p\u00e8re\u201d est un \u00e9v\u00e9nement social en vue de renforcer l\u2019id\u00e9e d\u2019appartenance \u00e0 une famille. L\u2019id\u00e9e est partie de la belle exp\u00e9rience avec la page Facebook \u00ab Les Ablaceries du Faso \u00bb, ont fait savoir les organisateurs. La page est un concept unique pour parodier les faits marquants et jeter un regard critique sur la gouvernance politique, \u00e9conomique et sociale dans le monde, a rappel\u00e9 Mariam Santou, une fille du \u201csaint p\u00e8re\u201d.<\/p>\n<p>Le 21 septembre 2024 un master class, une conf\u00e9rence de presse, de la de gargouille ainsi que l&rsquo;appel solennel du P\u00e8re urbi orbi. Un condense de rires, un rem\u00e8de pour la paix et la coh\u00e9sion sociale.<br \/>\nRoger SAWADOGO<\/p>\n","protected":false},"excerpt":{"rendered":"<p>La Page \u00ab\u00a0les Ablaceries du Faso\u00a0\u00bb brille par sa bizarrerie, le contexte de la conf\u00e9rence de presse du 15 septembre 2024 n&rsquo;en est pas en reste. Les journalistes, guest stars du jour suivent l&rsquo;\u00e9v\u00e9nement dans une ambiance de d\u00e9tente et au milieu de senteurs de grillades. TZ Grill, qui est aux man\u0153uvres, proc\u00e8de aux barbecue. [&hellip;]<\/p>\n","protected":false},"author":1,"featured_media":1276,"comment_status":"open","ping_status":"open","sticky":false,"template":"","format":"standard","meta":{"site-sidebar-layout":"default","site-content-layout":"","ast-site-content-layout":"default","site-content-style":"default","site-sidebar-style":"default","ast-global-header-display":"","ast-banner-title-visibility":"","ast-main-header-display":"","ast-hfb-above-header-display":"","ast-hfb-below-header-display":"","ast-hfb-mobile-header-display":"","site-post-title":"","ast-breadcrumbs-content":"","ast-featured-img":"","footer-sml-layout":"","theme-transparent-header-meta":"default","adv-header-id-meta":"","stick-header-meta":"","header-above-stick-meta":"","header-main-stick-meta":"","header-below-stick-meta":"","astra-migrate-meta-layouts":"set","ast-page-background-enabled":"default","ast-page-background-meta":{"desktop":{"background-color":"var(--ast-global-color-4)","background-image":"","background-repeat":"repeat","background-position":"center center","background-size":"auto","background-attachment":"scroll","background-type":"","background-media":"","overlay-type":"","overlay-color":"","overlay-opacity":"","overlay-gradient":""},"tablet":{"background-color":"","background-image":"","background-repeat":"repeat","background-position":"center center","background-size":"auto","background-attachment":"scroll","background-type":"","background-media":"","overlay-type":"","overlay-color":"","overlay-opacity":"","overlay-gradient":""},"mobile":{"background-color":"","background-image":"","background-repeat":"repeat","background-position":"center center","background-size":"auto","background-attachment":"scroll","background-type":"","background-media":"","overlay-type":"","overlay-color":"","overlay-opacity":"","overlay-gradient":""}},"ast-content-background-meta":{"desktop":{"background-color":"var(--ast-global-color-5)","background-image":"","background-repeat":"repeat","background-position":"center center","background-size":"auto","background-attachment":"scroll","background-type":"","background-media":"","overlay-type":"","overlay-color":"","overlay-opacity":"","overlay-gradient":""},"tablet":{"background-color":"var(--ast-global-color-5)","background-image":"","background-repeat":"repeat","background-position":"center center","background-size":"auto","background-attachment":"scroll","background-type":"","background-media":"","overlay-type":"","overlay-color":"","overlay-opacity":"","overlay-gradient":""},"mobile":{"background-color":"var(--ast-global-color-5)","background-image":"","background-repeat":"repeat","background-position":"center center","background-size":"auto","background-attachment":"scroll","background-type":"","background-media":"","overlay-type":"","overlay-color":"","overlay-opacity":"","overlay-gradient":""}},"footnotes":""},"categories":[9],"tags":[],"class_list":["post-1275","post","type-post","status-publish","format-standard","has-post-thumbnail","hentry","category-politique"],"_links":{"self":[{"href":"https:\/\/lesoleil.bf\/index.php\/wp-json\/wp\/v2\/posts\/1275","targetHints":{"allow":["GET"]}}],"collection":[{"href":"https:\/\/lesoleil.bf\/index.php\/wp-json\/wp\/v2\/posts"}],"about":[{"href":"https:\/\/lesoleil.bf\/index.php\/wp-json\/wp\/v2\/types\/post"}],"author":[{"embeddable":true,"href":"https:\/\/lesoleil.bf\/index.php\/wp-json\/wp\/v2\/users\/1"}],"replies":[{"embeddable":true,"href":"https:\/\/lesoleil.bf\/index.php\/wp-json\/wp\/v2\/comments?post=1275"}],"version-history":[{"count":2,"href":"https:\/\/lesoleil.bf\/index.php\/wp-json\/wp\/v2\/posts\/1275\/revisions"}],"predecessor-version":[{"id":1282,"href":"https:\/\/lesoleil.bf\/index.php\/wp-json\/wp\/v2\/posts\/1275\/revisions\/1282"}],"wp:featuredmedia":[{"embeddable":true,"href":"https:\/\/lesoleil.bf\/index.php\/wp-json\/wp\/v2\/media\/1276"}],"wp:attachment":[{"href":"https:\/\/lesoleil.bf\/index.php\/wp-json\/wp\/v2\/media?parent=1275"}],"wp:term":[{"taxonomy":"category","embeddable":true,"href":"https:\/\/lesoleil.bf\/index.php\/wp-json\/wp\/v2\/categories?post=1275"},{"taxonomy":"post_tag","embeddable":true,"href":"https:\/\/lesoleil.bf\/index.php\/wp-json\/wp\/v2\/tags?post=1275"}],"curies":[{"name":"wp","href":"https:\/\/api.w.org\/{rel}","templated":true}]}}