{"id":1257,"date":"2024-09-13T09:46:26","date_gmt":"2024-09-13T09:46:26","guid":{"rendered":"https:\/\/lesoleil.bf\/?p=1257"},"modified":"2024-09-13T09:46:26","modified_gmt":"2024-09-13T09:46:26","slug":"communique-de-la-fraternite-monseigneur-joanny-thevenoud","status":"publish","type":"post","link":"https:\/\/lesoleil.bf\/index.php\/2024\/09\/13\/communique-de-la-fraternite-monseigneur-joanny-thevenoud\/","title":{"rendered":"COMMUNIQUE DE LA FRATERNITE,  MONSEIGNEUR JOANNY THEVENOUD"},"content":{"rendered":"<p>Dans le cadre de la comm\u00e9moration des 75 ans du rappel \u00e0 Dieu de Monseigneur Joanny THEVENOUD qui sera c\u00e9l\u00e9br\u00e9e le lundi 16 Septembre 2024, la Fraternit\u00e9 Mgr Joanny THEVENOUD vous convie aux activit\u00e9s ci-apr\u00e8s :<br \/>\n1. C\u00e9l\u00e9brations eucharistiques \u00e0 5h45 mn, 13 h et 18h30 mn \u00e0 la Cath\u00e9drale de l\u2019Immacul\u00e9e Conception de Ouagadougou.<br \/>\n2. Visite guid\u00e9e du mus\u00e9e Mgr Joanny THEVENOUD apr\u00e8s la messe de 13 h avec l\u2019accompagnement de l\u2019Abb\u00e9 Jacques Sidib\u00e9, Vicaire G\u00e9n\u00e9ral.<br \/>\n3. Conf\u00e9rence \u00e0 la Cath\u00e9drale de l\u2019Immacul\u00e9e Conception de Ouagadougou \u00e0 18h sur la vie et les \u0153uvres de Mgr Joanny THEVENOUD par le P\u00e8re Jean ILBOUDO suivie de la messe.<br \/>\nBonne c\u00e9l\u00e9bration \u00e0 tous et \u00e0 toutes<br \/>\nQue par la mis\u00e9ricorde de Dieu, l\u2019\u00e2me de Mgr THEVENOUD repose en paix.<\/p>\n<p>Archidioc\u00e8se de Ouagadougou<\/p>\n<p><img loading=\"lazy\" decoding=\"async\" class=\"alignnone  wp-image-1258\" src=\"https:\/\/lesoleil.bf\/wp-content\/uploads\/2024\/09\/eglise-catholique-bf-300x150.jpg\" alt=\"\" width=\"596\" height=\"298\" srcset=\"https:\/\/lesoleil.bf\/wp-content\/uploads\/2024\/09\/eglise-catholique-bf-300x150.jpg 300w, https:\/\/lesoleil.bf\/wp-content\/uploads\/2024\/09\/eglise-catholique-bf.jpg 318w\" sizes=\"auto, (max-width: 596px) 100vw, 596px\" \/><img loading=\"lazy\" decoding=\"async\" class=\"alignnone size-medium wp-image-1259\" src=\"https:\/\/lesoleil.bf\/wp-content\/uploads\/2024\/09\/p2p4dw-193x300.jpg\" alt=\"\" width=\"193\" height=\"300\" srcset=\"https:\/\/lesoleil.bf\/wp-content\/uploads\/2024\/09\/p2p4dw-193x300.jpg 193w, https:\/\/lesoleil.bf\/wp-content\/uploads\/2024\/09\/p2p4dw.jpg 347w\" sizes=\"auto, (max-width: 193px) 100vw, 193px\" \/><\/p>\n","protected":false},"excerpt":{"rendered":"<p>Dans le cadre de la comm\u00e9moration des 75 ans du rappel \u00e0 Dieu de Monseigneur Joanny THEVENOUD qui sera c\u00e9l\u00e9br\u00e9e le lundi 16 Septembre 2024, la Fraternit\u00e9 Mgr Joanny THEVENOUD vous convie aux activit\u00e9s ci-apr\u00e8s : 1. C\u00e9l\u00e9brations eucharistiques \u00e0 5h45 mn, 13 h et 18h30 mn \u00e0 la Cath\u00e9drale de l\u2019Immacul\u00e9e Conception de Ouagadougou. [&hellip;]<\/p>\n","protected":false},"author":1,"featured_media":1260,"comment_status":"open","ping_status":"open","sticky":false,"template":"","format":"standard","meta":{"site-sidebar-layout":"default","site-content-layout":"","ast-site-content-layout":"default","site-content-style":"default","site-sidebar-style":"default","ast-global-header-display":"","ast-banner-title-visibility":"","ast-main-header-display":"","ast-hfb-above-header-display":"","ast-hfb-below-header-display":"","ast-hfb-mobile-header-display":"","site-post-title":"","ast-breadcrumbs-content":"","ast-featured-img":"","footer-sml-layout":"","theme-transparent-header-meta":"default","adv-header-id-meta":"","stick-header-meta":"","header-above-stick-meta":"","header-main-stick-meta":"","header-below-stick-meta":"","astra-migrate-meta-layouts":"set","ast-page-background-enabled":"default","ast-page-background-meta":{"desktop":{"background-color":"var(--ast-global-color-4)","background-image":"","background-repeat":"repeat","background-position":"center center","background-size":"auto","background-attachment":"scroll","background-type":"","background-media":"","overlay-type":"","overlay-color":"","overlay-opacity":"","overlay-gradient":""},"tablet":{"background-color":"","background-image":"","background-repeat":"repeat","background-position":"center center","background-size":"auto","background-attachment":"scroll","background-type":"","background-media":"","overlay-type":"","overlay-color":"","overlay-opacity":"","overlay-gradient":""},"mobile":{"background-color":"","background-image":"","background-repeat":"repeat","background-position":"center center","background-size":"auto","background-attachment":"scroll","background-type":"","background-media":"","overlay-type":"","overlay-color":"","overlay-opacity":"","overlay-gradient":""}},"ast-content-background-meta":{"desktop":{"background-color":"var(--ast-global-color-5)","background-image":"","background-repeat":"repeat","background-position":"center center","background-size":"auto","background-attachment":"scroll","background-type":"","background-media":"","overlay-type":"","overlay-color":"","overlay-opacity":"","overlay-gradient":""},"tablet":{"background-color":"var(--ast-global-color-5)","background-image":"","background-repeat":"repeat","background-position":"center center","background-size":"auto","background-attachment":"scroll","background-type":"","background-media":"","overlay-type":"","overlay-color":"","overlay-opacity":"","overlay-gradient":""},"mobile":{"background-color":"var(--ast-global-color-5)","background-image":"","background-repeat":"repeat","background-position":"center center","background-size":"auto","background-attachment":"scroll","background-type":"","background-media":"","overlay-type":"","overlay-color":"","overlay-opacity":"","overlay-gradient":""}},"footnotes":""},"categories":[1],"tags":[],"class_list":["post-1257","post","type-post","status-publish","format-standard","has-post-thumbnail","hentry","category-annonces"],"_links":{"self":[{"href":"https:\/\/lesoleil.bf\/index.php\/wp-json\/wp\/v2\/posts\/1257","targetHints":{"allow":["GET"]}}],"collection":[{"href":"https:\/\/lesoleil.bf\/index.php\/wp-json\/wp\/v2\/posts"}],"about":[{"href":"https:\/\/lesoleil.bf\/index.php\/wp-json\/wp\/v2\/types\/post"}],"author":[{"embeddable":true,"href":"https:\/\/lesoleil.bf\/index.php\/wp-json\/wp\/v2\/users\/1"}],"replies":[{"embeddable":true,"href":"https:\/\/lesoleil.bf\/index.php\/wp-json\/wp\/v2\/comments?post=1257"}],"version-history":[{"count":1,"href":"https:\/\/lesoleil.bf\/index.php\/wp-json\/wp\/v2\/posts\/1257\/revisions"}],"predecessor-version":[{"id":1261,"href":"https:\/\/lesoleil.bf\/index.php\/wp-json\/wp\/v2\/posts\/1257\/revisions\/1261"}],"wp:featuredmedia":[{"embeddable":true,"href":"https:\/\/lesoleil.bf\/index.php\/wp-json\/wp\/v2\/media\/1260"}],"wp:attachment":[{"href":"https:\/\/lesoleil.bf\/index.php\/wp-json\/wp\/v2\/media?parent=1257"}],"wp:term":[{"taxonomy":"category","embeddable":true,"href":"https:\/\/lesoleil.bf\/index.php\/wp-json\/wp\/v2\/categories?post=1257"},{"taxonomy":"post_tag","embeddable":true,"href":"https:\/\/lesoleil.bf\/index.php\/wp-json\/wp\/v2\/tags?post=1257"}],"curies":[{"name":"wp","href":"https:\/\/api.w.org\/{rel}","templated":true}]}}