{"id":1162,"date":"2024-09-06T10:25:29","date_gmt":"2024-09-06T10:25:29","guid":{"rendered":"https:\/\/lesoleil.bf\/?p=1162"},"modified":"2024-09-06T10:26:51","modified_gmt":"2024-09-06T10:26:51","slug":"dynamisation-du-secteur-prive-le-patronat-burkinabe-recoit-les-orientations-du-president-du-faso","status":"publish","type":"post","link":"https:\/\/lesoleil.bf\/index.php\/2024\/09\/06\/dynamisation-du-secteur-prive-le-patronat-burkinabe-recoit-les-orientations-du-president-du-faso\/","title":{"rendered":"Dynamisation du secteur priv\u00e9 : le patronat burkinab\u00e8 re\u00e7oit les orientations du Pr\u00e9sident du Faso"},"content":{"rendered":"<p>(Ouagadougou, 05 septembre 2024). Le Pr\u00e9sident du Faso, le Capitaine Ibrahim TRAORE a accord\u00e9 une audience \u00e0 une d\u00e9l\u00e9gation du Patronat burkinab\u00e8 accompagn\u00e9e de repr\u00e9sentants des Patronats amis de la sous- r\u00e9gion et d\u2019hommes d\u2019affaires burkinab\u00e8 de la diaspora en C\u00f4te d\u2019Ivoire et aux Etats unis d\u2019Am\u00e9rique.<br \/>\nPr\u00e9sente \u00e0 Ouagadougou pour participer aux \u00e9tats g\u00e9n\u00e9raux du secteur priv\u00e9 burkinab\u00e8, la d\u00e9l\u00e9gation est compos\u00e9e de repr\u00e9sentants des Patronats du Mali, du Niger, du B\u00e9nin, du S\u00e9n\u00e9gal, de la C\u00f4te d\u2019Ivoire, du Togo, de New York (Etats unis) et d\u2019hommes d\u2019affaires du Burkina Faso. Elle a \u00e9t\u00e9 conduite au Palais de Koulouba par le pr\u00e9sident du Conseil national du patronat burkinab\u00e8, Idrissa NASSA.<\/p>\n<p><img loading=\"lazy\" decoding=\"async\" class=\"alignnone  wp-image-1163\" src=\"https:\/\/lesoleil.bf\/wp-content\/uploads\/2024\/09\/CNPB-Patronat-300x175.jpg\" alt=\"\" width=\"365\" height=\"213\" srcset=\"https:\/\/lesoleil.bf\/wp-content\/uploads\/2024\/09\/CNPB-Patronat-300x175.jpg 300w, https:\/\/lesoleil.bf\/wp-content\/uploads\/2024\/09\/CNPB-Patronat-1024x599.jpg 1024w, https:\/\/lesoleil.bf\/wp-content\/uploads\/2024\/09\/CNPB-Patronat-768x449.jpg 768w, https:\/\/lesoleil.bf\/wp-content\/uploads\/2024\/09\/CNPB-Patronat-1536x898.jpg 1536w, https:\/\/lesoleil.bf\/wp-content\/uploads\/2024\/09\/CNPB-Patronat.jpg 2048w\" sizes=\"auto, (max-width: 365px) 100vw, 365px\" \/> <img loading=\"lazy\" decoding=\"async\" class=\"alignnone  wp-image-1164\" src=\"https:\/\/lesoleil.bf\/wp-content\/uploads\/2024\/09\/cnpb-logo.png\" alt=\"\" width=\"284\" height=\"217\" \/><img loading=\"lazy\" decoding=\"async\" class=\"alignnone wp-image-1166\" src=\"https:\/\/lesoleil.bf\/wp-content\/uploads\/2024\/09\/Idrissa-Nassa-300x168.jpg\" alt=\"\" width=\"393\" height=\"220\" srcset=\"https:\/\/lesoleil.bf\/wp-content\/uploads\/2024\/09\/Idrissa-Nassa-300x168.jpg 300w, https:\/\/lesoleil.bf\/wp-content\/uploads\/2024\/09\/Idrissa-Nassa-1024x574.jpg 1024w, https:\/\/lesoleil.bf\/wp-content\/uploads\/2024\/09\/Idrissa-Nassa-768x431.jpg 768w, https:\/\/lesoleil.bf\/wp-content\/uploads\/2024\/09\/Idrissa-Nassa-1536x861.jpg 1536w, https:\/\/lesoleil.bf\/wp-content\/uploads\/2024\/09\/Idrissa-Nassa.jpg 2048w\" sizes=\"auto, (max-width: 393px) 100vw, 393px\" \/><img loading=\"lazy\" decoding=\"async\" class=\"alignnone size-medium wp-image-1168\" src=\"https:\/\/lesoleil.bf\/wp-content\/uploads\/2024\/09\/President-IB-BF-300x227.jpeg\" alt=\"\" width=\"300\" height=\"227\" srcset=\"https:\/\/lesoleil.bf\/wp-content\/uploads\/2024\/09\/President-IB-BF-300x227.jpeg 300w, https:\/\/lesoleil.bf\/wp-content\/uploads\/2024\/09\/President-IB-BF-1024x774.jpeg 1024w, https:\/\/lesoleil.bf\/wp-content\/uploads\/2024\/09\/President-IB-BF-768x581.jpeg 768w, https:\/\/lesoleil.bf\/wp-content\/uploads\/2024\/09\/President-IB-BF-1536x1162.jpeg 1536w, https:\/\/lesoleil.bf\/wp-content\/uploads\/2024\/09\/President-IB-BF.jpeg 1600w\" sizes=\"auto, (max-width: 300px) 100vw, 300px\" \/><br \/>\nA l\u2019issue du temps d\u2019\u00e9changes avec le Pr\u00e9sident du Faso, M. NASSA a indiqu\u00e9 que \u00ab le Chef de l\u2019Etat nous a donn\u00e9 des orientations pour que nous puissions organiser et diriger les op\u00e9rateurs \u00e9conomiques vers la production, afin qu\u2019ils fassent des investissements productifs pour transformer ce que nous produisons et r\u00e9duire de fa\u00e7on substantielle les importations \u00bb.<br \/>\nSelon lui, le Pr\u00e9sident du Faso, le Capitaine Ibrahim TRAORE a souhait\u00e9 que le Patronat s\u2019investisse davantage dans l\u2019accompagnement des chefs d\u2019entreprises pour faire du secteur priv\u00e9 burkinab\u00e8 une v\u00e9ritable force de propositions et un acteur cl\u00e9 du d\u00e9veloppement \u00e9conomique et social. \u00ab Il a souhait\u00e9 que nous puissions travailler \u00e0 promouvoir les petites et moyennes entreprises, faire en sorte que les grandes entreprises deviennent des multinationales afin que nous puissions ensemble travailler au d\u00e9veloppement de nos pays \u00bb, a-t-il ajout\u00e9.<\/p>\n<p>Cette rencontre avec le Chef de l\u2019Etat s\u2019est tenue en marge des \u00e9tats g\u00e9n\u00e9raux du secteur priv\u00e9 burkinab\u00e8 organis\u00e9s par le Conseil national du patronat burkinab\u00e8 (CNPB) dans le cadre de son 50e anniversaire.<br \/>\nL\u2019objectif selon son pr\u00e9sident Idrissa NASSA est de faire l\u2019\u00e9tat des lieux du secteur priv\u00e9, d\u2019analyser les enjeux et d\u00e9finir de nouvelles perspectives pour mieux impacter la vie des populations. \u00ab Notre Patronat f\u00eate ses cinquante ans d\u2019existence. A cette occasion, nous avons ouvert ces r\u00e9flexions afin de cr\u00e9er une synergie d\u2019intelligences entre nous, cr\u00e9er des perspectives sur la base desquelles nous allons travailler \u00bb, a-t-il indiqu\u00e9.<\/p>\n<p>Direction de la communication de la Pr\u00e9sidence du Faso<\/p>\n","protected":false},"excerpt":{"rendered":"<p>(Ouagadougou, 05 septembre 2024). Le Pr\u00e9sident du Faso, le Capitaine Ibrahim TRAORE a accord\u00e9 une audience \u00e0 une d\u00e9l\u00e9gation du Patronat burkinab\u00e8 accompagn\u00e9e de repr\u00e9sentants des Patronats amis de la sous- r\u00e9gion et d\u2019hommes d\u2019affaires burkinab\u00e8 de la diaspora en C\u00f4te d\u2019Ivoire et aux Etats unis d\u2019Am\u00e9rique. Pr\u00e9sente \u00e0 Ouagadougou pour participer aux \u00e9tats g\u00e9n\u00e9raux [&hellip;]<\/p>\n","protected":false},"author":1,"featured_media":1165,"comment_status":"open","ping_status":"open","sticky":false,"template":"","format":"standard","meta":{"site-sidebar-layout":"default","site-content-layout":"","ast-site-content-layout":"default","site-content-style":"default","site-sidebar-style":"default","ast-global-header-display":"","ast-banner-title-visibility":"","ast-main-header-display":"","ast-hfb-above-header-display":"","ast-hfb-below-header-display":"","ast-hfb-mobile-header-display":"","site-post-title":"","ast-breadcrumbs-content":"","ast-featured-img":"","footer-sml-layout":"","theme-transparent-header-meta":"default","adv-header-id-meta":"","stick-header-meta":"","header-above-stick-meta":"","header-main-stick-meta":"","header-below-stick-meta":"","astra-migrate-meta-layouts":"set","ast-page-background-enabled":"default","ast-page-background-meta":{"desktop":{"background-color":"var(--ast-global-color-4)","background-image":"","background-repeat":"repeat","background-position":"center center","background-size":"auto","background-attachment":"scroll","background-type":"","background-media":"","overlay-type":"","overlay-color":"","overlay-opacity":"","overlay-gradient":""},"tablet":{"background-color":"","background-image":"","background-repeat":"repeat","background-position":"center center","background-size":"auto","background-attachment":"scroll","background-type":"","background-media":"","overlay-type":"","overlay-color":"","overlay-opacity":"","overlay-gradient":""},"mobile":{"background-color":"","background-image":"","background-repeat":"repeat","background-position":"center center","background-size":"auto","background-attachment":"scroll","background-type":"","background-media":"","overlay-type":"","overlay-color":"","overlay-opacity":"","overlay-gradient":""}},"ast-content-background-meta":{"desktop":{"background-color":"var(--ast-global-color-5)","background-image":"","background-repeat":"repeat","background-position":"center center","background-size":"auto","background-attachment":"scroll","background-type":"","background-media":"","overlay-type":"","overlay-color":"","overlay-opacity":"","overlay-gradient":""},"tablet":{"background-color":"var(--ast-global-color-5)","background-image":"","background-repeat":"repeat","background-position":"center center","background-size":"auto","background-attachment":"scroll","background-type":"","background-media":"","overlay-type":"","overlay-color":"","overlay-opacity":"","overlay-gradient":""},"mobile":{"background-color":"var(--ast-global-color-5)","background-image":"","background-repeat":"repeat","background-position":"center center","background-size":"auto","background-attachment":"scroll","background-type":"","background-media":"","overlay-type":"","overlay-color":"","overlay-opacity":"","overlay-gradient":""}},"footnotes":""},"categories":[9],"tags":[],"class_list":["post-1162","post","type-post","status-publish","format-standard","has-post-thumbnail","hentry","category-politique"],"_links":{"self":[{"href":"https:\/\/lesoleil.bf\/index.php\/wp-json\/wp\/v2\/posts\/1162","targetHints":{"allow":["GET"]}}],"collection":[{"href":"https:\/\/lesoleil.bf\/index.php\/wp-json\/wp\/v2\/posts"}],"about":[{"href":"https:\/\/lesoleil.bf\/index.php\/wp-json\/wp\/v2\/types\/post"}],"author":[{"embeddable":true,"href":"https:\/\/lesoleil.bf\/index.php\/wp-json\/wp\/v2\/users\/1"}],"replies":[{"embeddable":true,"href":"https:\/\/lesoleil.bf\/index.php\/wp-json\/wp\/v2\/comments?post=1162"}],"version-history":[{"count":3,"href":"https:\/\/lesoleil.bf\/index.php\/wp-json\/wp\/v2\/posts\/1162\/revisions"}],"predecessor-version":[{"id":1170,"href":"https:\/\/lesoleil.bf\/index.php\/wp-json\/wp\/v2\/posts\/1162\/revisions\/1170"}],"wp:featuredmedia":[{"embeddable":true,"href":"https:\/\/lesoleil.bf\/index.php\/wp-json\/wp\/v2\/media\/1165"}],"wp:attachment":[{"href":"https:\/\/lesoleil.bf\/index.php\/wp-json\/wp\/v2\/media?parent=1162"}],"wp:term":[{"taxonomy":"category","embeddable":true,"href":"https:\/\/lesoleil.bf\/index.php\/wp-json\/wp\/v2\/categories?post=1162"},{"taxonomy":"post_tag","embeddable":true,"href":"https:\/\/lesoleil.bf\/index.php\/wp-json\/wp\/v2\/tags?post=1162"}],"curies":[{"name":"wp","href":"https:\/\/api.w.org\/{rel}","templated":true}]}}