{"id":1156,"date":"2024-09-06T10:19:43","date_gmt":"2024-09-06T10:19:43","guid":{"rendered":"https:\/\/lesoleil.bf\/?p=1156"},"modified":"2024-09-06T10:19:43","modified_gmt":"2024-09-06T10:19:43","slug":"communique-du-ministere","status":"publish","type":"post","link":"https:\/\/lesoleil.bf\/index.php\/2024\/09\/06\/communique-du-ministere\/","title":{"rendered":"Communiqu\u00e9 du minist\u00e8re"},"content":{"rendered":"<p>\u00ab\u00a0Le ministre de d&rsquo;Economie et des finances invite les personnalit\u00e9s ayant occup\u00e9 des fonctions de responsabilit\u00e9 et b\u00e9n\u00e9fici\u00e9 de v\u00e9hicules et\/ou de b\u00e2timents mis \u00e0 leur disposition et qui ne les ont toujours pas restitu\u00e9s, \u00e0 le faire au plus tard le mardi 17 septembre 2024. Pass\u00e9 ce d\u00e9lai, il se r\u00e9serve le droit de prendre toutes les dispositions n\u00e9cessaires afin de rentrer en possession desdits biens\u00a0\u00bb.<br \/>\nLe Ministre.<\/p>\n<p><img loading=\"lazy\" decoding=\"async\" class=\"alignnone size-medium wp-image-1157\" src=\"https:\/\/lesoleil.bf\/wp-content\/uploads\/2024\/09\/Biens-de-lEtat-232x300.jpeg\" alt=\"\" width=\"232\" height=\"300\" srcset=\"https:\/\/lesoleil.bf\/wp-content\/uploads\/2024\/09\/Biens-de-lEtat-232x300.jpeg 232w, https:\/\/lesoleil.bf\/wp-content\/uploads\/2024\/09\/Biens-de-lEtat-793x1024.jpeg 793w, https:\/\/lesoleil.bf\/wp-content\/uploads\/2024\/09\/Biens-de-lEtat-768x992.jpeg 768w, https:\/\/lesoleil.bf\/wp-content\/uploads\/2024\/09\/Biens-de-lEtat.jpeg 836w\" sizes=\"auto, (max-width: 232px) 100vw, 232px\" \/><img loading=\"lazy\" decoding=\"async\" class=\"alignnone size-medium wp-image-1159\" src=\"https:\/\/lesoleil.bf\/wp-content\/uploads\/2024\/09\/V8-300x224.jpg\" alt=\"\" width=\"300\" height=\"224\" srcset=\"https:\/\/lesoleil.bf\/wp-content\/uploads\/2024\/09\/V8-300x224.jpg 300w, https:\/\/lesoleil.bf\/wp-content\/uploads\/2024\/09\/V8-768x574.jpg 768w, https:\/\/lesoleil.bf\/wp-content\/uploads\/2024\/09\/V8.jpg 1000w\" sizes=\"auto, (max-width: 300px) 100vw, 300px\" \/> <img loading=\"lazy\" decoding=\"async\" class=\"alignnone size-medium wp-image-1160\" src=\"https:\/\/lesoleil.bf\/wp-content\/uploads\/2024\/09\/UNE-SPLENDIDE-VILLA-MEUBLEE-EN-LOCATION-A-ZAGTOULI-16-2500x1875-1-scaled-1-300x225.jpg\" alt=\"\" width=\"300\" height=\"225\" srcset=\"https:\/\/lesoleil.bf\/wp-content\/uploads\/2024\/09\/UNE-SPLENDIDE-VILLA-MEUBLEE-EN-LOCATION-A-ZAGTOULI-16-2500x1875-1-scaled-1-300x225.jpg 300w, https:\/\/lesoleil.bf\/wp-content\/uploads\/2024\/09\/UNE-SPLENDIDE-VILLA-MEUBLEE-EN-LOCATION-A-ZAGTOULI-16-2500x1875-1-scaled-1.jpg 613w\" sizes=\"auto, (max-width: 300px) 100vw, 300px\" \/><\/p>\n","protected":false},"excerpt":{"rendered":"<p>\u00ab\u00a0Le ministre de d&rsquo;Economie et des finances invite les personnalit\u00e9s ayant occup\u00e9 des fonctions de responsabilit\u00e9 et b\u00e9n\u00e9fici\u00e9 de v\u00e9hicules et\/ou de b\u00e2timents mis \u00e0 leur disposition et qui ne les ont toujours pas restitu\u00e9s, \u00e0 le faire au plus tard le mardi 17 septembre 2024. Pass\u00e9 ce d\u00e9lai, il se r\u00e9serve le droit de [&hellip;]<\/p>\n","protected":false},"author":1,"featured_media":1158,"comment_status":"open","ping_status":"open","sticky":false,"template":"","format":"standard","meta":{"site-sidebar-layout":"default","site-content-layout":"","ast-site-content-layout":"default","site-content-style":"default","site-sidebar-style":"default","ast-global-header-display":"","ast-banner-title-visibility":"","ast-main-header-display":"","ast-hfb-above-header-display":"","ast-hfb-below-header-display":"","ast-hfb-mobile-header-display":"","site-post-title":"","ast-breadcrumbs-content":"","ast-featured-img":"","footer-sml-layout":"","theme-transparent-header-meta":"default","adv-header-id-meta":"","stick-header-meta":"","header-above-stick-meta":"","header-main-stick-meta":"","header-below-stick-meta":"","astra-migrate-meta-layouts":"set","ast-page-background-enabled":"default","ast-page-background-meta":{"desktop":{"background-color":"var(--ast-global-color-4)","background-image":"","background-repeat":"repeat","background-position":"center center","background-size":"auto","background-attachment":"scroll","background-type":"","background-media":"","overlay-type":"","overlay-color":"","overlay-opacity":"","overlay-gradient":""},"tablet":{"background-color":"","background-image":"","background-repeat":"repeat","background-position":"center center","background-size":"auto","background-attachment":"scroll","background-type":"","background-media":"","overlay-type":"","overlay-color":"","overlay-opacity":"","overlay-gradient":""},"mobile":{"background-color":"","background-image":"","background-repeat":"repeat","background-position":"center center","background-size":"auto","background-attachment":"scroll","background-type":"","background-media":"","overlay-type":"","overlay-color":"","overlay-opacity":"","overlay-gradient":""}},"ast-content-background-meta":{"desktop":{"background-color":"var(--ast-global-color-5)","background-image":"","background-repeat":"repeat","background-position":"center center","background-size":"auto","background-attachment":"scroll","background-type":"","background-media":"","overlay-type":"","overlay-color":"","overlay-opacity":"","overlay-gradient":""},"tablet":{"background-color":"var(--ast-global-color-5)","background-image":"","background-repeat":"repeat","background-position":"center center","background-size":"auto","background-attachment":"scroll","background-type":"","background-media":"","overlay-type":"","overlay-color":"","overlay-opacity":"","overlay-gradient":""},"mobile":{"background-color":"var(--ast-global-color-5)","background-image":"","background-repeat":"repeat","background-position":"center center","background-size":"auto","background-attachment":"scroll","background-type":"","background-media":"","overlay-type":"","overlay-color":"","overlay-opacity":"","overlay-gradient":""}},"footnotes":""},"categories":[9],"tags":[],"class_list":["post-1156","post","type-post","status-publish","format-standard","has-post-thumbnail","hentry","category-politique"],"_links":{"self":[{"href":"https:\/\/lesoleil.bf\/index.php\/wp-json\/wp\/v2\/posts\/1156","targetHints":{"allow":["GET"]}}],"collection":[{"href":"https:\/\/lesoleil.bf\/index.php\/wp-json\/wp\/v2\/posts"}],"about":[{"href":"https:\/\/lesoleil.bf\/index.php\/wp-json\/wp\/v2\/types\/post"}],"author":[{"embeddable":true,"href":"https:\/\/lesoleil.bf\/index.php\/wp-json\/wp\/v2\/users\/1"}],"replies":[{"embeddable":true,"href":"https:\/\/lesoleil.bf\/index.php\/wp-json\/wp\/v2\/comments?post=1156"}],"version-history":[{"count":1,"href":"https:\/\/lesoleil.bf\/index.php\/wp-json\/wp\/v2\/posts\/1156\/revisions"}],"predecessor-version":[{"id":1161,"href":"https:\/\/lesoleil.bf\/index.php\/wp-json\/wp\/v2\/posts\/1156\/revisions\/1161"}],"wp:featuredmedia":[{"embeddable":true,"href":"https:\/\/lesoleil.bf\/index.php\/wp-json\/wp\/v2\/media\/1158"}],"wp:attachment":[{"href":"https:\/\/lesoleil.bf\/index.php\/wp-json\/wp\/v2\/media?parent=1156"}],"wp:term":[{"taxonomy":"category","embeddable":true,"href":"https:\/\/lesoleil.bf\/index.php\/wp-json\/wp\/v2\/categories?post=1156"},{"taxonomy":"post_tag","embeddable":true,"href":"https:\/\/lesoleil.bf\/index.php\/wp-json\/wp\/v2\/tags?post=1156"}],"curies":[{"name":"wp","href":"https:\/\/api.w.org\/{rel}","templated":true}]}}