{"id":1137,"date":"2024-08-23T16:19:47","date_gmt":"2024-08-23T16:19:47","guid":{"rendered":"https:\/\/lesoleil.bf\/?p=1137"},"modified":"2024-08-23T16:20:52","modified_gmt":"2024-08-23T16:20:52","slug":"modernisation-de-ladministration-publique-le-premier-ministre-appelle-a-un-modele-ancre-dans-les-specificites-socio-culturelles-du-pays","status":"publish","type":"post","link":"https:\/\/lesoleil.bf\/index.php\/2024\/08\/23\/modernisation-de-ladministration-publique-le-premier-ministre-appelle-a-un-modele-ancre-dans-les-specificites-socio-culturelles-du-pays\/","title":{"rendered":"Modernisation de l&rsquo;Administration publique : Le Premier ministre appelle \u00e0 un mod\u00e8le ancr\u00e9 dans les sp\u00e9cificit\u00e9s socio-culturelles du pays"},"content":{"rendered":"<p>Le Premier ministre, Dr Apollinaire Joachimson KY\u00c9LEM de TAMB\u00c8LA, a pr\u00e9sid\u00e9, ce jeudi 22 ao\u00fbt 2024, \u00e0 Ouagadougou, la session ordinaire du Conseil National pour la Modernisation de l&rsquo;Administration Publique et de la Bonne Gouvernance (CN-MABG). Il a appel\u00e9 \u00e0 une modernisation r\u00e9fl\u00e9chie, ancr\u00e9e dans les sp\u00e9cificit\u00e9s socio-culturelles du pays.<\/p>\n<p>\u00ab\u00a0Quelle administration et quelle gouvernance voulons-nous r\u00e9ellement ? Ce sont, entre autres, les questions essentielles soulev\u00e9es par le Premier ministre, Dr Apollinaire Joachimson KY\u00c9LEM de TAMB\u00c8LA sur l&rsquo;avenir de l&rsquo;administration et de la gouvernance au Burkina Faso.<\/p>\n<p>Il a fait savoir que les d\u00e9fis actuels exigent une administration sp\u00e9cifique, con\u00e7ue en fonction de l&rsquo;\u00e9tat actuel de la soci\u00e9t\u00e9 burkinab\u00e8 et des objectifs fix\u00e9s par le Gouvernement.<\/p>\n<p>Pour \u00e9tayer son propos, il a \u00e9voqu\u00e9 une conf\u00e9rence organis\u00e9e durant la R\u00e9volution D\u00e9mocratique et Populaire, avec l\u2019appui de l&rsquo;Institut d&rsquo;\u00e9tudes politiques de Toulouse, qui avait produit un document cl\u00e9 intitul\u00e9 \u00ab\u00a0Administration et D\u00e9veloppement au Burkina Faso \u00ab\u00a0.<\/p>\n<p>Ce document, selon lui, reste une source pr\u00e9cieuse d&rsquo;informations, afin de piloter avec succ\u00e8s la modernisation administrative.<\/p>\n<p>Le Premier ministre a \u00e9galement index\u00e9 le syst\u00e8me \u00e9ducatif actuel, affirmant qu&rsquo;il produit des dipl\u00f4m\u00e9s plut\u00f4t que des intellectuels capables de penser de mani\u00e8re critique et de proposer des solutions adapt\u00e9es aux r\u00e9alit\u00e9s locales.<\/p>\n<p><img loading=\"lazy\" decoding=\"async\" class=\"alignnone size-medium wp-image-1139\" src=\"https:\/\/lesoleil.bf\/wp-content\/uploads\/2024\/08\/Ministre-Bassolma-Bazie-300x211.jpeg\" alt=\"\" width=\"300\" height=\"211\" srcset=\"https:\/\/lesoleil.bf\/wp-content\/uploads\/2024\/08\/Ministre-Bassolma-Bazie-300x211.jpeg 300w, https:\/\/lesoleil.bf\/wp-content\/uploads\/2024\/08\/Ministre-Bassolma-Bazie.jpeg 719w\" sizes=\"auto, (max-width: 300px) 100vw, 300px\" \/> <img loading=\"lazy\" decoding=\"async\" class=\"alignnone size-medium wp-image-1140\" src=\"https:\/\/lesoleil.bf\/wp-content\/uploads\/2024\/08\/PM-Salut-les-recipiandaires-300x205.jpeg\" alt=\"\" width=\"300\" height=\"205\" srcset=\"https:\/\/lesoleil.bf\/wp-content\/uploads\/2024\/08\/PM-Salut-les-recipiandaires-300x205.jpeg 300w, https:\/\/lesoleil.bf\/wp-content\/uploads\/2024\/08\/PM-Salut-les-recipiandaires.jpeg 720w\" sizes=\"auto, (max-width: 300px) 100vw, 300px\" \/><\/p>\n<p>\u00ab\u00a0Nous sommes les fruits d&rsquo;une \u00e9cole qui nous a appris \u00e0 obtenir des dipl\u00f4mes, pas \u00e0 r\u00e9fl\u00e9chir,\u00a0\u00bb a-t-il d\u00e9plor\u00e9, avant de souligner que les dipl\u00f4m\u00e9s en droit, par exemple, appliquent les lois comme si elles \u00e9taient destin\u00e9es \u00e0 des soci\u00e9t\u00e9s \u00e9trang\u00e8res, telles que la France ou les \u00c9tats-Unis, sans tenir compte des sp\u00e9cificit\u00e9s burkinab\u00e8.<\/p>\n<p>Dr KY\u00c9LEM de TAMB\u00c8LA s\u2019est aussi interrog\u00e9 sur la pertinence d&rsquo;une d\u00e9mocratie calqu\u00e9e sur des mod\u00e8les occidentaux.<\/p>\n<p>\u00ab\u00a0De quelle d\u00e9mocratie parle-t-on ? Est-ce la d\u00e9mocratie imp\u00e9rialiste, o\u00f9 un million d&rsquo;\u00e9lecteurs \u00e9lisent un pr\u00e9sident qui peut \u00eatre contest\u00e9 avant la fin de son mandat, ou une d\u00e9mocratie adapt\u00e9e \u00e0 notre soci\u00e9t\u00e9 ?\u00a0\u00bb a-t-il questionn\u00e9.<\/p>\n<p>A l&rsquo;\u00e9couter, la d\u00e9mocratie et la libert\u00e9 doivent \u00eatre d\u00e9finies dans un cadre soci\u00e9tal sp\u00e9cifique, en fonction des r\u00e9alit\u00e9s locales, et non selon des concepts import\u00e9s.<\/p>\n<p>Pour illustrer son propos, il a compar\u00e9 les situations des paysans burkinab\u00e8 et fran\u00e7ais, illustrant les diff\u00e9rences profondes qui doivent guider la r\u00e9flexion sur les mod\u00e8les de gouvernance \u00e0 adopter.<\/p>\n<p>\u00ab Nous sommes dans une soci\u00e9t\u00e9 o\u00f9 certaines personnes n&rsquo;ont m\u00eame pas d\u2019eau potable. Ils boivent dans les mares, c\u2019est-\u00e0-dire les m\u00eames eaux que les b\u00e9tails. Quand nous d\u00e9finissons nos termes, nous devons les appliquer au contexte de notre soci\u00e9t\u00e9 \u00bb, a-t-il expliqu\u00e9.<\/p>\n<p>Il a \u00e9galement abord\u00e9 des questions comme la polygamie et l&rsquo;homosexualit\u00e9, en demandant quel mod\u00e8le pr\u00e9sente le plus de valeur humaine dans le contexte burkinab\u00e8.<\/p>\n<p>\u00ab Dans beaucoup de pays occidentaux, l\u2019homosexualit\u00e9 est l\u00e9galis\u00e9e, mais ils condamnent la polygamie. Est-ce cela la libert\u00e9 ? Entre la polygamie et l\u2019homosexualit\u00e9, qu\u2019est-ce qui a plus de valeur humaine ? La polygamie a toujours exist\u00e9 dans l&rsquo;histoire \u00bb, a-t-il questionn\u00e9.<\/p>\n<p>Le Chef du Gouvernement a aussi mis en exergue le contexte s\u00e9curitaire difficile dans lequel se tient cette session.<\/p>\n<p>Pour lui, notre Administration publique, \u00e0 l&rsquo;image des autres composantes de la Nation, subit encore l&rsquo;impact n\u00e9gatif du contexte s\u00e9curitaire difficile marqu\u00e9 par les exactions commises sur les vaillantes populations par les terroristes et leurs soutiens.<\/p>\n<p>Le Chef du Gouvernement a profit\u00e9 de cette tribune pour r\u00e9affirmer l&rsquo;engagement du Burkina Faso dans sa qu\u00eate de souverainet\u00e9 territoriale.<\/p>\n<p>\u00ab\u00a0Nous avons choisi de rester debout et d&#8217;emprunter courageusement le chemin que nous avons choisi en connaissance de cause pour parvenir \u00e0 notre d\u00e9veloppement,\u00a0\u00bb a-t-il d\u00e9clar\u00e9.<\/p>\n<p>C&rsquo;est pourquoi, le Premier ministre a salu\u00e9 les Forces de d\u00e9fense et de s\u00e9curit\u00e9 (FDS), les Volontaires pour la d\u00e9fense de la patrie (VDP), ainsi que tous les agents publics qui, \u00e0 son avis, ont pris un engagement patriotique pour hisser le Burkina Faso au rang des Nations souveraines et respect\u00e9es.<\/p>\n<p>Il a d\u00e9clar\u00e9 que :\u00a0\u00bbLa souverainet\u00e9 de notre pays et le d\u00e9veloppement profitable \u00e0 toutes les couches de la population ne sont envisageables que dans un contexte de modernisation de l&rsquo;Administration publique et de bonne gouvernance. La modernisation de l&rsquo;Administration publique et la bonne gouvernance sont des facteurs essentiels \u00e0 la stabilit\u00e9 politique, \u00e0 la coh\u00e9sion sociale, \u00e0 la paix, et au renforcement des valeurs cardinales de la Nation\u00a0\u00bb.<\/p>\n<p>N\u00e9anmoins, il a reconnu que le d\u00e9ficit de gouvernance et une administration inefficace peuvent exacerber les crises que traversent les \u00c9tats.<\/p>\n<p>La session du CN-MABG vise ainsi \u00e0 \u00e9valuer les actions de modernisation pour 2023 et \u00e0 donner de nouvelles orientations pour promouvoir une culture de r\u00e9sultats dans l&rsquo;Administration publique, ax\u00e9e sur la satisfaction des usagers et l&rsquo;efficacit\u00e9 des services publics.<\/p>\n<p style=\"text-align: right;\"><em><strong>DCRP\/Primature<\/strong><\/em><\/p>\n","protected":false},"excerpt":{"rendered":"<p>Le Premier ministre, Dr Apollinaire Joachimson KY\u00c9LEM de TAMB\u00c8LA, a pr\u00e9sid\u00e9, ce jeudi 22 ao\u00fbt 2024, \u00e0 Ouagadougou, la session ordinaire du Conseil National pour la Modernisation de l&rsquo;Administration Publique et de la Bonne Gouvernance (CN-MABG). Il a appel\u00e9 \u00e0 une modernisation r\u00e9fl\u00e9chie, ancr\u00e9e dans les sp\u00e9cificit\u00e9s socio-culturelles du pays. \u00ab\u00a0Quelle administration et quelle gouvernance [&hellip;]<\/p>\n","protected":false},"author":1,"featured_media":1138,"comment_status":"open","ping_status":"open","sticky":false,"template":"","format":"standard","meta":{"site-sidebar-layout":"default","site-content-layout":"","ast-site-content-layout":"default","site-content-style":"default","site-sidebar-style":"default","ast-global-header-display":"","ast-banner-title-visibility":"","ast-main-header-display":"","ast-hfb-above-header-display":"","ast-hfb-below-header-display":"","ast-hfb-mobile-header-display":"","site-post-title":"","ast-breadcrumbs-content":"","ast-featured-img":"","footer-sml-layout":"","theme-transparent-header-meta":"default","adv-header-id-meta":"","stick-header-meta":"","header-above-stick-meta":"","header-main-stick-meta":"","header-below-stick-meta":"","astra-migrate-meta-layouts":"set","ast-page-background-enabled":"default","ast-page-background-meta":{"desktop":{"background-color":"var(--ast-global-color-4)","background-image":"","background-repeat":"repeat","background-position":"center center","background-size":"auto","background-attachment":"scroll","background-type":"","background-media":"","overlay-type":"","overlay-color":"","overlay-opacity":"","overlay-gradient":""},"tablet":{"background-color":"","background-image":"","background-repeat":"repeat","background-position":"center center","background-size":"auto","background-attachment":"scroll","background-type":"","background-media":"","overlay-type":"","overlay-color":"","overlay-opacity":"","overlay-gradient":""},"mobile":{"background-color":"","background-image":"","background-repeat":"repeat","background-position":"center center","background-size":"auto","background-attachment":"scroll","background-type":"","background-media":"","overlay-type":"","overlay-color":"","overlay-opacity":"","overlay-gradient":""}},"ast-content-background-meta":{"desktop":{"background-color":"var(--ast-global-color-5)","background-image":"","background-repeat":"repeat","background-position":"center center","background-size":"auto","background-attachment":"scroll","background-type":"","background-media":"","overlay-type":"","overlay-color":"","overlay-opacity":"","overlay-gradient":""},"tablet":{"background-color":"var(--ast-global-color-5)","background-image":"","background-repeat":"repeat","background-position":"center center","background-size":"auto","background-attachment":"scroll","background-type":"","background-media":"","overlay-type":"","overlay-color":"","overlay-opacity":"","overlay-gradient":""},"mobile":{"background-color":"var(--ast-global-color-5)","background-image":"","background-repeat":"repeat","background-position":"center center","background-size":"auto","background-attachment":"scroll","background-type":"","background-media":"","overlay-type":"","overlay-color":"","overlay-opacity":"","overlay-gradient":""}},"footnotes":""},"categories":[9],"tags":[],"class_list":["post-1137","post","type-post","status-publish","format-standard","has-post-thumbnail","hentry","category-politique"],"_links":{"self":[{"href":"https:\/\/lesoleil.bf\/index.php\/wp-json\/wp\/v2\/posts\/1137","targetHints":{"allow":["GET"]}}],"collection":[{"href":"https:\/\/lesoleil.bf\/index.php\/wp-json\/wp\/v2\/posts"}],"about":[{"href":"https:\/\/lesoleil.bf\/index.php\/wp-json\/wp\/v2\/types\/post"}],"author":[{"embeddable":true,"href":"https:\/\/lesoleil.bf\/index.php\/wp-json\/wp\/v2\/users\/1"}],"replies":[{"embeddable":true,"href":"https:\/\/lesoleil.bf\/index.php\/wp-json\/wp\/v2\/comments?post=1137"}],"version-history":[{"count":1,"href":"https:\/\/lesoleil.bf\/index.php\/wp-json\/wp\/v2\/posts\/1137\/revisions"}],"predecessor-version":[{"id":1141,"href":"https:\/\/lesoleil.bf\/index.php\/wp-json\/wp\/v2\/posts\/1137\/revisions\/1141"}],"wp:featuredmedia":[{"embeddable":true,"href":"https:\/\/lesoleil.bf\/index.php\/wp-json\/wp\/v2\/media\/1138"}],"wp:attachment":[{"href":"https:\/\/lesoleil.bf\/index.php\/wp-json\/wp\/v2\/media?parent=1137"}],"wp:term":[{"taxonomy":"category","embeddable":true,"href":"https:\/\/lesoleil.bf\/index.php\/wp-json\/wp\/v2\/categories?post=1137"},{"taxonomy":"post_tag","embeddable":true,"href":"https:\/\/lesoleil.bf\/index.php\/wp-json\/wp\/v2\/tags?post=1137"}],"curies":[{"name":"wp","href":"https:\/\/api.w.org\/{rel}","templated":true}]}}