{"id":1126,"date":"2024-08-16T19:12:20","date_gmt":"2024-08-16T19:12:20","guid":{"rendered":"https:\/\/lesoleil.bf\/?p=1126"},"modified":"2024-08-17T09:29:57","modified_gmt":"2024-08-17T09:29:57","slug":"reseaux-sociaux-un-continent-a-evangeliser","status":"publish","type":"post","link":"https:\/\/lesoleil.bf\/index.php\/2024\/08\/16\/reseaux-sociaux-un-continent-a-evangeliser\/","title":{"rendered":"R\u00e9seaux sociaux : \u00ab\u00a0Un continent \u00e0 \u00e9vang\u00e9liser\u00a0\u00bb"},"content":{"rendered":"<p>La journ\u00e9e du 12 ao\u00fbt 2024 a connu une conf\u00e9rence anim\u00e9e par Monseigneur (Mgr) Modeste KAMBOU. &lt;&lt;Eglise catholique et r\u00e9seaux sociaux (RS): exp\u00e9riences, opportunit\u00e9s et limites&gt;&gt;, c&rsquo;est le th\u00e8me qu&rsquo; a pr\u00e9sent\u00e9 l&rsquo;Ev\u00eaque du dioc\u00e8se de Gaoua. Pour le pr\u00e9lat, les R\u00e9seaux sociaux ont une tr\u00e8s grande importance dans la vie des hommes. Ils transforment les habitudes et facilitent aussi les relations inter- personnelles. Pour cela, &lt;&lt;l&rsquo;Eglise qui est du monde sans \u00eatre dans le monde&gt;&gt; doit utiliser aussi ces outils pour &lt;&lt;la nouvelle \u00c9vang\u00e9lisation&gt;&gt;. Les chiffres d&rsquo;utilisateurs et d&rsquo;utilisatrices \u00e0 travers le monde sont de plus en plus croissants. En effet, en 2023 on note 1,9 milliards d&rsquo;utilisateurs de WhatsApp. Facebook a 2, 980 milles d&rsquo;utilisateurs dans la m\u00eame ann\u00e9e pour parler que des m\u00e9dias sociaux c\u00e9l\u00e8bres. Les chiffres en eux-m\u00eames sont si parlants que Beno\u00eet XVI refuse que l&rsquo;Eglise soit en marge des R\u00e9seaux sociaux. Il sugg\u00e8re que cette \u00c9glise soit au diapason de cette utilisation des R\u00e9seaux sociaux. Aussi, pr\u00e9sente t-il le R\u00e9seau social comme &lt;&lt;un continent num\u00e9rique \u00e0 \u00e9vang\u00e9liser&gt;&gt;.<br \/>\nLe conf\u00e9rencier a abord\u00e9 la premi\u00e8re partie de son travail en analysant les R\u00e9seaux sociaux comme une opportunit\u00e9. Il fonde alors son argumentaire sur les textes magisteriel notamment Inter mirifica du Concile Vatican 2, l&rsquo;approche des Papes successifs par rapport aux R\u00e9seaux sociaux.<\/p>\n<p><img loading=\"lazy\" decoding=\"async\" class=\"alignnone size-medium wp-image-1127\" src=\"https:\/\/lesoleil.bf\/wp-content\/uploads\/2024\/08\/WhatsApp-Image-2024-08-16-at-18.00.03-300x225.jpeg\" alt=\"\" width=\"300\" height=\"225\" srcset=\"https:\/\/lesoleil.bf\/wp-content\/uploads\/2024\/08\/WhatsApp-Image-2024-08-16-at-18.00.03-300x225.jpeg 300w, https:\/\/lesoleil.bf\/wp-content\/uploads\/2024\/08\/WhatsApp-Image-2024-08-16-at-18.00.03-1024x768.jpeg 1024w, https:\/\/lesoleil.bf\/wp-content\/uploads\/2024\/08\/WhatsApp-Image-2024-08-16-at-18.00.03-768x576.jpeg 768w, https:\/\/lesoleil.bf\/wp-content\/uploads\/2024\/08\/WhatsApp-Image-2024-08-16-at-18.00.03.jpeg 1040w\" sizes=\"auto, (max-width: 300px) 100vw, 300px\" \/><br \/>\nLe Concile, a selon le Conf\u00e9rencier, accueilli favorablement les m\u00e9dias au sein de l&rsquo;Eglise. Ce concile, \u00e0 travers le D\u00e9cret conciliaire &lt;&lt;Inter mirifica&gt;&gt;. consid\u00e8re les m\u00e9dias comme une &lt;&lt;merveille&gt;&gt; pour la nouvelle \u00c9vang\u00e9lisation. Pour les P\u00e8res de l&rsquo;Eglise, celle-ci doit pr\u00eacher l&rsquo;Evangile tout temps et en tout lieu. Les caract\u00e8res instantan\u00e9s et la forte capacit\u00e9 de couverture ( jusqu&rsquo;aux contr\u00e9es les plus recul\u00e9es) et le fait qu&rsquo;ils soient une option pastorale qui offre beaucoup d&rsquo;opportunit\u00e9s&#8230;militent en faveur de l&rsquo;acceptation des R\u00e9seaux sociaux. Et de d\u00e9clarer &lt;&lt;l&rsquo;Eglise est avant tout communication&gt;&gt; et passe pour un &lt;&lt;puissant instrument pour f\u00e9d\u00e9rer&gt;&gt;.<br \/>\nPour Mgr KAMBOU, l&rsquo;approche de Jean Paul II, aux m\u00e9dias fut tr\u00e8s ouverte. Aussi a t-il souhait\u00e9 dans Pastor bonus &lt;&lt;mettre l&rsquo;esprit chr\u00e9tien dans les m\u00e9dias&gt;&gt; \u00e0 l&rsquo;image de Saint Paul qui n&rsquo;a pas h\u00e9sit\u00e9 \u00e0 pr\u00eacher dans l&rsquo;Agora. Le Pape polonais sugg\u00e8re m\u00eame d'&lt;&lt;inculturer l&rsquo;\u00c9vangile dans les masses m\u00e9dias&gt;&gt;.<br \/>\nBeno\u00eet, lui fut le &lt;&lt;Pape de l&rsquo;\u00e8re num\u00e9rique&gt;&gt;. En effet, le 12 d\u00e9cembre 2002, le Cardinal Ratzinger devenu Pape, lan\u00e7ait le premier tweet de l&rsquo;Histoire de la Papaut\u00e9. Le Pape Allemand est tellement favorable aux m\u00e9dias sociaux qu&rsquo;il affirme qu&rsquo;on devrait plut\u00f4t parler de &lt;&lt;r\u00e9el&gt;&gt; et non de &lt;&lt;virtuel&gt;&gt;.<br \/>\nLe Pape Fran\u00e7ois favorable aux m\u00e9dias les consid\u00e8rent comme un outil de la foi qui ne doit pas cependant fragiliser le &lt;&lt;lieu de vie familiale&gt;&gt;.<br \/>\nMgr KAMBOU note que les limites de l&rsquo;utilisation des R\u00e9seaux sociaux par l&rsquo;Eglise sont \u00e9videntes. L&rsquo;Eglise est bien prudente dans son usage des RS car il faut toujours d\u00e9terminer: Qui est habilit\u00e9 \u00e0 diffuser les informations? Quoi dire? \u00c9galement dans cette volont\u00e9 d&rsquo;efficacit\u00e9 dans l&rsquo;utilisation des RS, il faut \u00e9viter de diffuser des informations erron\u00e9es et en d\u00e9phasage avec la Doctrine sociale de l&rsquo;Eglise (DSE). Et \u00e0 l&rsquo;Ev\u00eaque du dioc\u00e8se de Gaoua au Sud-Ouest du Burkina de conclure &lt;&lt;un site Internet doit s&rsquo;occuper du monde et non se couper du monde&gt;&gt;.<\/p>\n<p style=\"text-align: right;\">Roger SAWADOGO<\/p>\n","protected":false},"excerpt":{"rendered":"<p>La journ\u00e9e du 12 ao\u00fbt 2024 a connu une conf\u00e9rence anim\u00e9e par Monseigneur (Mgr) Modeste KAMBOU. &lt;&lt;Eglise catholique et r\u00e9seaux sociaux (RS): exp\u00e9riences, opportunit\u00e9s et limites&gt;&gt;, c&rsquo;est le th\u00e8me qu&rsquo; a pr\u00e9sent\u00e9 l&rsquo;Ev\u00eaque du dioc\u00e8se de Gaoua. Pour le pr\u00e9lat, les R\u00e9seaux sociaux ont une tr\u00e8s grande importance dans la vie des hommes. Ils transforment [&hellip;]<\/p>\n","protected":false},"author":1,"featured_media":1127,"comment_status":"open","ping_status":"open","sticky":false,"template":"","format":"standard","meta":{"site-sidebar-layout":"default","site-content-layout":"","ast-site-content-layout":"default","site-content-style":"default","site-sidebar-style":"default","ast-global-header-display":"","ast-banner-title-visibility":"","ast-main-header-display":"","ast-hfb-above-header-display":"","ast-hfb-below-header-display":"","ast-hfb-mobile-header-display":"","site-post-title":"","ast-breadcrumbs-content":"","ast-featured-img":"","footer-sml-layout":"","theme-transparent-header-meta":"default","adv-header-id-meta":"","stick-header-meta":"","header-above-stick-meta":"","header-main-stick-meta":"","header-below-stick-meta":"","astra-migrate-meta-layouts":"set","ast-page-background-enabled":"default","ast-page-background-meta":{"desktop":{"background-color":"var(--ast-global-color-4)","background-image":"","background-repeat":"repeat","background-position":"center center","background-size":"auto","background-attachment":"scroll","background-type":"","background-media":"","overlay-type":"","overlay-color":"","overlay-opacity":"","overlay-gradient":""},"tablet":{"background-color":"","background-image":"","background-repeat":"repeat","background-position":"center center","background-size":"auto","background-attachment":"scroll","background-type":"","background-media":"","overlay-type":"","overlay-color":"","overlay-opacity":"","overlay-gradient":""},"mobile":{"background-color":"","background-image":"","background-repeat":"repeat","background-position":"center center","background-size":"auto","background-attachment":"scroll","background-type":"","background-media":"","overlay-type":"","overlay-color":"","overlay-opacity":"","overlay-gradient":""}},"ast-content-background-meta":{"desktop":{"background-color":"var(--ast-global-color-5)","background-image":"","background-repeat":"repeat","background-position":"center center","background-size":"auto","background-attachment":"scroll","background-type":"","background-media":"","overlay-type":"","overlay-color":"","overlay-opacity":"","overlay-gradient":""},"tablet":{"background-color":"var(--ast-global-color-5)","background-image":"","background-repeat":"repeat","background-position":"center center","background-size":"auto","background-attachment":"scroll","background-type":"","background-media":"","overlay-type":"","overlay-color":"","overlay-opacity":"","overlay-gradient":""},"mobile":{"background-color":"var(--ast-global-color-5)","background-image":"","background-repeat":"repeat","background-position":"center center","background-size":"auto","background-attachment":"scroll","background-type":"","background-media":"","overlay-type":"","overlay-color":"","overlay-opacity":"","overlay-gradient":""}},"footnotes":""},"categories":[9,4],"tags":[],"class_list":["post-1126","post","type-post","status-publish","format-standard","has-post-thumbnail","hentry","category-politique","category-societe"],"_links":{"self":[{"href":"https:\/\/lesoleil.bf\/index.php\/wp-json\/wp\/v2\/posts\/1126","targetHints":{"allow":["GET"]}}],"collection":[{"href":"https:\/\/lesoleil.bf\/index.php\/wp-json\/wp\/v2\/posts"}],"about":[{"href":"https:\/\/lesoleil.bf\/index.php\/wp-json\/wp\/v2\/types\/post"}],"author":[{"embeddable":true,"href":"https:\/\/lesoleil.bf\/index.php\/wp-json\/wp\/v2\/users\/1"}],"replies":[{"embeddable":true,"href":"https:\/\/lesoleil.bf\/index.php\/wp-json\/wp\/v2\/comments?post=1126"}],"version-history":[{"count":1,"href":"https:\/\/lesoleil.bf\/index.php\/wp-json\/wp\/v2\/posts\/1126\/revisions"}],"predecessor-version":[{"id":1129,"href":"https:\/\/lesoleil.bf\/index.php\/wp-json\/wp\/v2\/posts\/1126\/revisions\/1129"}],"wp:featuredmedia":[{"embeddable":true,"href":"https:\/\/lesoleil.bf\/index.php\/wp-json\/wp\/v2\/media\/1127"}],"wp:attachment":[{"href":"https:\/\/lesoleil.bf\/index.php\/wp-json\/wp\/v2\/media?parent=1126"}],"wp:term":[{"taxonomy":"category","embeddable":true,"href":"https:\/\/lesoleil.bf\/index.php\/wp-json\/wp\/v2\/categories?post=1126"},{"taxonomy":"post_tag","embeddable":true,"href":"https:\/\/lesoleil.bf\/index.php\/wp-json\/wp\/v2\/tags?post=1126"}],"curies":[{"name":"wp","href":"https:\/\/api.w.org\/{rel}","templated":true}]}}