{"id":1110,"date":"2024-08-13T10:22:10","date_gmt":"2024-08-13T10:22:10","guid":{"rendered":"https:\/\/lesoleil.bf\/?p=1110"},"modified":"2024-08-13T10:22:10","modified_gmt":"2024-08-13T10:22:10","slug":"journee-internationale-de-la-jeunesse-ib-invite-au-travail-et-a-lintegrite","status":"publish","type":"post","link":"https:\/\/lesoleil.bf\/index.php\/2024\/08\/13\/journee-internationale-de-la-jeunesse-ib-invite-au-travail-et-a-lintegrite\/","title":{"rendered":"Journ\u00e9e internationale de la Jeunesse: IB invite au travail et \u00e0 l&rsquo;int\u00e9grit\u00e9"},"content":{"rendered":"<p>Le palais des sports de Ouaga 2000 a refus\u00e9 du monde le vendredi 9 juillet 2024. C&rsquo;\u00e9tait \u00e0 l&rsquo;occasion de la Journ\u00e9e International de la Jeunesse (JIJ) qui a mobilis\u00e9 les jeunes venus des quatre coins du pays et d&rsquo;Afrique.<\/p>\n<p>Plac\u00e9 sous le th\u00e8me : \u00abInt\u00e9gration, s\u00e9curit\u00e9, paix et d\u00e9veloppement : R\u00f4le de la Jeunesse Africaine\u00bb, le JIJ 2024 a \u00e9t\u00e9 une occasion pour le pr\u00e9sident le capitaine Ibrahim Traor\u00e9 d&rsquo;\u00e9changer avec la jeunesse.<\/p>\n<p><img loading=\"lazy\" decoding=\"async\" class=\"alignnone size-medium wp-image-1112\" src=\"https:\/\/lesoleil.bf\/wp-content\/uploads\/2024\/08\/IB-au-plais-des-sport-300x188.jpg\" alt=\"\" width=\"300\" height=\"188\" srcset=\"https:\/\/lesoleil.bf\/wp-content\/uploads\/2024\/08\/IB-au-plais-des-sport-300x188.jpg 300w, https:\/\/lesoleil.bf\/wp-content\/uploads\/2024\/08\/IB-au-plais-des-sport.jpg 720w\" sizes=\"auto, (max-width: 300px) 100vw, 300px\" \/> <img loading=\"lazy\" decoding=\"async\" class=\"alignnone  wp-image-1113\" src=\"https:\/\/lesoleil.bf\/wp-content\/uploads\/2024\/08\/Journee-internationale-des-jeunes-BF-300x150.jpeg\" alt=\"\" width=\"368\" height=\"184\" srcset=\"https:\/\/lesoleil.bf\/wp-content\/uploads\/2024\/08\/Journee-internationale-des-jeunes-BF-300x150.jpeg 300w, https:\/\/lesoleil.bf\/wp-content\/uploads\/2024\/08\/Journee-internationale-des-jeunes-BF-1024x512.jpeg 1024w, https:\/\/lesoleil.bf\/wp-content\/uploads\/2024\/08\/Journee-internationale-des-jeunes-BF-768x384.jpeg 768w, https:\/\/lesoleil.bf\/wp-content\/uploads\/2024\/08\/Journee-internationale-des-jeunes-BF-1536x768.jpeg 1536w, https:\/\/lesoleil.bf\/wp-content\/uploads\/2024\/08\/Journee-internationale-des-jeunes-BF.jpeg 1600w\" sizes=\"auto, (max-width: 368px) 100vw, 368px\" \/><br \/>\nLe capitaine dans son allocution, invite les jeunes \u00e0 plus d&rsquo;engagement dans la lutte enclench\u00e9 pour l&rsquo;accession \u00e0 une ind\u00e9pendance r\u00e9elle des pays africains.<br \/>\nLe pr\u00e9sident ajoute que la jeunesse, c&rsquo;est l&rsquo;\u00e9poque o\u00f9 on a pas le temps. Nous devons profiter du temps qui nous est donn\u00e9 et utiliser l&rsquo;\u00e9nergie n\u00e9cessaire pour changer positivement le monde. Tout en rappelant la journ\u00e9e \u00e0 bannir la l\u00e2chet\u00e9, la tra\u00eetrise et l&rsquo;incomp\u00e9tence.<\/p>\n<p>Pour Moumouni Dialla, pr\u00e9sident de l&rsquo;Union panafricaine de la Jeunesse, par ailleurs porte-parole des jeunes du Burkina Faso et d&rsquo;Afrique, c&rsquo;est d&rsquo;appeler les jeunes \u00e0 l\u2019union, \u00e0 la solidarit\u00e9 et \u00e0 faire chemin avec le Pr\u00e9sident du Faso pour la lib\u00e9ration totale du continent africain.<\/p>\n<p>Quant \u00e0 Roland Somda, ministre des Sports, de la Jeunesse et de l\u2019Emploi, les jeunes sont les artisans de l\u2019unit\u00e9 et de la coop\u00e9ration entre les nations. \u00abJe les invite donc \u00e0 travailler ensemble pour une Afrique libre et forte\u00bb a t-il rench\u00e9rit.<\/p>\n<p style=\"text-align: right;\">Fulbert ZEMBA<\/p>\n","protected":false},"excerpt":{"rendered":"<p>Le palais des sports de Ouaga 2000 a refus\u00e9 du monde le vendredi 9 juillet 2024. C&rsquo;\u00e9tait \u00e0 l&rsquo;occasion de la Journ\u00e9e International de la Jeunesse (JIJ) qui a mobilis\u00e9 les jeunes venus des quatre coins du pays et d&rsquo;Afrique. Plac\u00e9 sous le th\u00e8me : \u00abInt\u00e9gration, s\u00e9curit\u00e9, paix et d\u00e9veloppement : R\u00f4le de la Jeunesse [&hellip;]<\/p>\n","protected":false},"author":1,"featured_media":1111,"comment_status":"open","ping_status":"open","sticky":false,"template":"","format":"standard","meta":{"site-sidebar-layout":"default","site-content-layout":"","ast-site-content-layout":"default","site-content-style":"default","site-sidebar-style":"default","ast-global-header-display":"","ast-banner-title-visibility":"","ast-main-header-display":"","ast-hfb-above-header-display":"","ast-hfb-below-header-display":"","ast-hfb-mobile-header-display":"","site-post-title":"","ast-breadcrumbs-content":"","ast-featured-img":"","footer-sml-layout":"","theme-transparent-header-meta":"default","adv-header-id-meta":"","stick-header-meta":"","header-above-stick-meta":"","header-main-stick-meta":"","header-below-stick-meta":"","astra-migrate-meta-layouts":"set","ast-page-background-enabled":"default","ast-page-background-meta":{"desktop":{"background-color":"var(--ast-global-color-4)","background-image":"","background-repeat":"repeat","background-position":"center center","background-size":"auto","background-attachment":"scroll","background-type":"","background-media":"","overlay-type":"","overlay-color":"","overlay-opacity":"","overlay-gradient":""},"tablet":{"background-color":"","background-image":"","background-repeat":"repeat","background-position":"center center","background-size":"auto","background-attachment":"scroll","background-type":"","background-media":"","overlay-type":"","overlay-color":"","overlay-opacity":"","overlay-gradient":""},"mobile":{"background-color":"","background-image":"","background-repeat":"repeat","background-position":"center center","background-size":"auto","background-attachment":"scroll","background-type":"","background-media":"","overlay-type":"","overlay-color":"","overlay-opacity":"","overlay-gradient":""}},"ast-content-background-meta":{"desktop":{"background-color":"var(--ast-global-color-5)","background-image":"","background-repeat":"repeat","background-position":"center center","background-size":"auto","background-attachment":"scroll","background-type":"","background-media":"","overlay-type":"","overlay-color":"","overlay-opacity":"","overlay-gradient":""},"tablet":{"background-color":"var(--ast-global-color-5)","background-image":"","background-repeat":"repeat","background-position":"center center","background-size":"auto","background-attachment":"scroll","background-type":"","background-media":"","overlay-type":"","overlay-color":"","overlay-opacity":"","overlay-gradient":""},"mobile":{"background-color":"var(--ast-global-color-5)","background-image":"","background-repeat":"repeat","background-position":"center center","background-size":"auto","background-attachment":"scroll","background-type":"","background-media":"","overlay-type":"","overlay-color":"","overlay-opacity":"","overlay-gradient":""}},"footnotes":""},"categories":[9],"tags":[],"class_list":["post-1110","post","type-post","status-publish","format-standard","has-post-thumbnail","hentry","category-politique"],"_links":{"self":[{"href":"https:\/\/lesoleil.bf\/index.php\/wp-json\/wp\/v2\/posts\/1110","targetHints":{"allow":["GET"]}}],"collection":[{"href":"https:\/\/lesoleil.bf\/index.php\/wp-json\/wp\/v2\/posts"}],"about":[{"href":"https:\/\/lesoleil.bf\/index.php\/wp-json\/wp\/v2\/types\/post"}],"author":[{"embeddable":true,"href":"https:\/\/lesoleil.bf\/index.php\/wp-json\/wp\/v2\/users\/1"}],"replies":[{"embeddable":true,"href":"https:\/\/lesoleil.bf\/index.php\/wp-json\/wp\/v2\/comments?post=1110"}],"version-history":[{"count":1,"href":"https:\/\/lesoleil.bf\/index.php\/wp-json\/wp\/v2\/posts\/1110\/revisions"}],"predecessor-version":[{"id":1114,"href":"https:\/\/lesoleil.bf\/index.php\/wp-json\/wp\/v2\/posts\/1110\/revisions\/1114"}],"wp:featuredmedia":[{"embeddable":true,"href":"https:\/\/lesoleil.bf\/index.php\/wp-json\/wp\/v2\/media\/1111"}],"wp:attachment":[{"href":"https:\/\/lesoleil.bf\/index.php\/wp-json\/wp\/v2\/media?parent=1110"}],"wp:term":[{"taxonomy":"category","embeddable":true,"href":"https:\/\/lesoleil.bf\/index.php\/wp-json\/wp\/v2\/categories?post=1110"},{"taxonomy":"post_tag","embeddable":true,"href":"https:\/\/lesoleil.bf\/index.php\/wp-json\/wp\/v2\/tags?post=1110"}],"curies":[{"name":"wp","href":"https:\/\/api.w.org\/{rel}","templated":true}]}}