{"id":1104,"date":"2024-08-13T10:16:38","date_gmt":"2024-08-13T10:16:38","guid":{"rendered":"https:\/\/lesoleil.bf\/?p=1104"},"modified":"2024-08-13T10:17:33","modified_gmt":"2024-08-13T10:17:33","slug":"le-palais-des-sports-de-ouaga-2000-a-refuse-du-monde-le-vendredi-9-juillet-2024-cetait-a-loccasion-de-la-journee-international-de-la-jeunesse-jij-qui-a-mobilise-les-jeunes-venus-des-quatre-coin","status":"publish","type":"post","link":"https:\/\/lesoleil.bf\/index.php\/2024\/08\/13\/le-palais-des-sports-de-ouaga-2000-a-refuse-du-monde-le-vendredi-9-juillet-2024-cetait-a-loccasion-de-la-journee-international-de-la-jeunesse-jij-qui-a-mobilise-les-jeunes-venus-des-quatre-coin\/","title":{"rendered":"Rencontre des communicateurs catholiques: Les D\u00e9fis de l&rsquo;information en p\u00e9riode de crise interrog\u00e9s"},"content":{"rendered":"<p><strong>&lt;&lt;\u00c9thique et d\u00e9ontologie dans le traitement de l&rsquo;information \u00e0 travers les r\u00e9seaux sociaux dans un contexte de crise s\u00e9curitaire: D\u00e9fis et perspectives&gt;&gt;<\/strong>, c&rsquo;est sous ce th\u00e8me que s&rsquo;est ouvert les travaux de la 9 eme rencontre de r\u00e9flexion des communicateurs catholiques d\u00e9nomm\u00e9s REFRESHER Program.<br \/>\nPlac\u00e9 sous le patronage du Pr\u00e9sident de l&rsquo;Assembl\u00e9e nationale Dr Ousmane BOUGOUMA et du parrainage du ministre d&rsquo;Etat, ministre de la communication, Rimtalba Emmanuel OUEDRAOGO, ce rendez-vous de partage des savoir-faire et des savoir- \u00eatre des hommes de m\u00e9dias s&rsquo;est ouvert dans une ambiance de pri\u00e8re, de travail et de confraternit\u00e9 en pr\u00e9sence surtout de nombreux hommes de m\u00e9dias actifs ou \u00e0 la retraite et de sp\u00e9cialistes en communication.<\/p>\n<p><img loading=\"lazy\" decoding=\"async\" class=\"alignnone size-medium wp-image-1105\" src=\"https:\/\/lesoleil.bf\/wp-content\/uploads\/2024\/08\/WhatsApp-Image-2024-08-12-at-21.06.24-300x225.jpeg\" alt=\"\" width=\"300\" height=\"225\" srcset=\"https:\/\/lesoleil.bf\/wp-content\/uploads\/2024\/08\/WhatsApp-Image-2024-08-12-at-21.06.24-300x225.jpeg 300w, https:\/\/lesoleil.bf\/wp-content\/uploads\/2024\/08\/WhatsApp-Image-2024-08-12-at-21.06.24-1024x768.jpeg 1024w, https:\/\/lesoleil.bf\/wp-content\/uploads\/2024\/08\/WhatsApp-Image-2024-08-12-at-21.06.24-768x576.jpeg 768w, https:\/\/lesoleil.bf\/wp-content\/uploads\/2024\/08\/WhatsApp-Image-2024-08-12-at-21.06.24.jpeg 1040w\" sizes=\"auto, (max-width: 300px) 100vw, 300px\" \/><img loading=\"lazy\" decoding=\"async\" class=\"alignnone size-medium wp-image-1107\" src=\"https:\/\/lesoleil.bf\/wp-content\/uploads\/2024\/08\/WhatsApp-Image-2024-08-12-at-21.06.42-300x225.jpeg\" alt=\"\" width=\"300\" height=\"225\" srcset=\"https:\/\/lesoleil.bf\/wp-content\/uploads\/2024\/08\/WhatsApp-Image-2024-08-12-at-21.06.42-300x225.jpeg 300w, https:\/\/lesoleil.bf\/wp-content\/uploads\/2024\/08\/WhatsApp-Image-2024-08-12-at-21.06.42-1024x768.jpeg 1024w, https:\/\/lesoleil.bf\/wp-content\/uploads\/2024\/08\/WhatsApp-Image-2024-08-12-at-21.06.42-768x576.jpeg 768w, https:\/\/lesoleil.bf\/wp-content\/uploads\/2024\/08\/WhatsApp-Image-2024-08-12-at-21.06.42.jpeg 1040w\" sizes=\"auto, (max-width: 300px) 100vw, 300px\" \/><\/p>\n<p>Neuvi\u00e8me du genre, ce brainstorming a regroup\u00e9 des hommes de m\u00e9dias venus de sept pays de la sous-r\u00e9gion en plus du Burkina Faso.<br \/>\nA la c\u00e9r\u00e9monie d&rsquo;ouverture, le co-parrain et pr\u00e9sident de la Conf\u00e9rence \u00e9piscopale Burkina-Niger, Monseigneur Laurent Birifuore DABIRE s&rsquo;est appuy\u00e9 d&rsquo;entr\u00e9e sur des exemples dans la Bible qui montrent l&rsquo;importance de la mission des hommes de m\u00e9dias \u00e0 savoir informer de fa\u00e7on juste et claire les populations. Aussi plonge t-il dans les profondeurs du livre Saint chretien \u00e0 savoir, &lt;&lt;Au commencement \u00e9tait la parole&#8230;&gt;&gt; \u00e9crit l&rsquo;Evangeliste Jean. De m\u00eame il rench\u00e9rit en \u00e9voquant le &lt;&lt;gloire \u00e0 Dieu au plus haut des cieux et paix sur terre aux hommes qui l&rsquo;aiment&gt;&gt;, annonc\u00e9 par les anges emissaires. Pour le pr\u00e9lat, le r\u00f4le capital des hommes de m\u00e9dias est incontestable. Cependant, il doit se faire en se posant la question de savoir si l&rsquo;information donn\u00e9e est utile, opportune et arrive \u00e0 point. Il a alors saisi l&rsquo;occasion pour appeler les journalistes \u00e0 une plus grande responsabilit\u00e9 au sein de la soci\u00e9t\u00e9. &lt;&lt;La parole \u00e9tait courtoisie. Aujourd&rsquo;hui elle s&rsquo;identifie \u00e0 la mal cause&gt;&gt;, d\u00e9plore t-il avant de conclure qu&rsquo;il est du devoir de tout journaliste, mais en particulier ceux catholiques de &lt;&lt;demeurer sel, lumi\u00e8re et levain&gt;&gt; au sein de la soci\u00e9t\u00e9.<br \/>\nUn message du Dicast\u00e8re de la communication, au Vatican a \u00e9t\u00e9 lu pour encourager les panelistes et la dynamique \u00e9quipe de l&rsquo;UCAP Burkina. Il s&rsquo;est articul\u00e9 autour de la parole biblique qui stipule que &lt;&lt;la v\u00e9rit\u00e9 vous rendra libre&gt;&gt;. De m\u00eame il invite les hommes de m\u00e9dias catholiques \u00e0 se d\u00e9partir de faire l&rsquo;affaire de Satan, le Malin, &lt;&lt;v\u00e9ritable p\u00e8re des Fake news ( fausses nouvelles)&gt;&gt; car &lt;&lt;le style de Dieu est tout autre&gt;&gt;.<br \/>\nLes travaux de ce 9 eme REFRESHER se d\u00e9roulent en pr\u00e9sence des invit\u00e9s de l&rsquo;Union des communicateurs musulmans et ceux \u00c9vang\u00e9liques et aussi des Organisations professionnelles des m\u00e9dias (OPM).<\/p>\n<p style=\"text-align: right;\">#refresherucap-burkina<br \/>\n#neuviemerefresher<\/p>\n<p style=\"text-align: right;\">Roger SAWADOGO<\/p>\n","protected":false},"excerpt":{"rendered":"<p>&lt;&lt;\u00c9thique et d\u00e9ontologie dans le traitement de l&rsquo;information \u00e0 travers les r\u00e9seaux sociaux dans un contexte de crise s\u00e9curitaire: D\u00e9fis et perspectives&gt;&gt;, c&rsquo;est sous ce th\u00e8me que s&rsquo;est ouvert les travaux de la 9 eme rencontre de r\u00e9flexion des communicateurs catholiques d\u00e9nomm\u00e9s REFRESHER Program. Plac\u00e9 sous le patronage du Pr\u00e9sident de l&rsquo;Assembl\u00e9e nationale Dr Ousmane [&hellip;]<\/p>\n","protected":false},"author":1,"featured_media":1106,"comment_status":"open","ping_status":"open","sticky":false,"template":"","format":"standard","meta":{"site-sidebar-layout":"default","site-content-layout":"","ast-site-content-layout":"default","site-content-style":"default","site-sidebar-style":"default","ast-global-header-display":"","ast-banner-title-visibility":"","ast-main-header-display":"","ast-hfb-above-header-display":"","ast-hfb-below-header-display":"","ast-hfb-mobile-header-display":"","site-post-title":"","ast-breadcrumbs-content":"","ast-featured-img":"","footer-sml-layout":"","theme-transparent-header-meta":"default","adv-header-id-meta":"","stick-header-meta":"","header-above-stick-meta":"","header-main-stick-meta":"","header-below-stick-meta":"","astra-migrate-meta-layouts":"set","ast-page-background-enabled":"default","ast-page-background-meta":{"desktop":{"background-color":"var(--ast-global-color-4)","background-image":"","background-repeat":"repeat","background-position":"center center","background-size":"auto","background-attachment":"scroll","background-type":"","background-media":"","overlay-type":"","overlay-color":"","overlay-opacity":"","overlay-gradient":""},"tablet":{"background-color":"","background-image":"","background-repeat":"repeat","background-position":"center center","background-size":"auto","background-attachment":"scroll","background-type":"","background-media":"","overlay-type":"","overlay-color":"","overlay-opacity":"","overlay-gradient":""},"mobile":{"background-color":"","background-image":"","background-repeat":"repeat","background-position":"center center","background-size":"auto","background-attachment":"scroll","background-type":"","background-media":"","overlay-type":"","overlay-color":"","overlay-opacity":"","overlay-gradient":""}},"ast-content-background-meta":{"desktop":{"background-color":"var(--ast-global-color-5)","background-image":"","background-repeat":"repeat","background-position":"center center","background-size":"auto","background-attachment":"scroll","background-type":"","background-media":"","overlay-type":"","overlay-color":"","overlay-opacity":"","overlay-gradient":""},"tablet":{"background-color":"var(--ast-global-color-5)","background-image":"","background-repeat":"repeat","background-position":"center center","background-size":"auto","background-attachment":"scroll","background-type":"","background-media":"","overlay-type":"","overlay-color":"","overlay-opacity":"","overlay-gradient":""},"mobile":{"background-color":"var(--ast-global-color-5)","background-image":"","background-repeat":"repeat","background-position":"center center","background-size":"auto","background-attachment":"scroll","background-type":"","background-media":"","overlay-type":"","overlay-color":"","overlay-opacity":"","overlay-gradient":""}},"footnotes":""},"categories":[4],"tags":[],"class_list":["post-1104","post","type-post","status-publish","format-standard","has-post-thumbnail","hentry","category-societe"],"_links":{"self":[{"href":"https:\/\/lesoleil.bf\/index.php\/wp-json\/wp\/v2\/posts\/1104","targetHints":{"allow":["GET"]}}],"collection":[{"href":"https:\/\/lesoleil.bf\/index.php\/wp-json\/wp\/v2\/posts"}],"about":[{"href":"https:\/\/lesoleil.bf\/index.php\/wp-json\/wp\/v2\/types\/post"}],"author":[{"embeddable":true,"href":"https:\/\/lesoleil.bf\/index.php\/wp-json\/wp\/v2\/users\/1"}],"replies":[{"embeddable":true,"href":"https:\/\/lesoleil.bf\/index.php\/wp-json\/wp\/v2\/comments?post=1104"}],"version-history":[{"count":2,"href":"https:\/\/lesoleil.bf\/index.php\/wp-json\/wp\/v2\/posts\/1104\/revisions"}],"predecessor-version":[{"id":1109,"href":"https:\/\/lesoleil.bf\/index.php\/wp-json\/wp\/v2\/posts\/1104\/revisions\/1109"}],"wp:featuredmedia":[{"embeddable":true,"href":"https:\/\/lesoleil.bf\/index.php\/wp-json\/wp\/v2\/media\/1106"}],"wp:attachment":[{"href":"https:\/\/lesoleil.bf\/index.php\/wp-json\/wp\/v2\/media?parent=1104"}],"wp:term":[{"taxonomy":"category","embeddable":true,"href":"https:\/\/lesoleil.bf\/index.php\/wp-json\/wp\/v2\/categories?post=1104"},{"taxonomy":"post_tag","embeddable":true,"href":"https:\/\/lesoleil.bf\/index.php\/wp-json\/wp\/v2\/tags?post=1104"}],"curies":[{"name":"wp","href":"https:\/\/api.w.org\/{rel}","templated":true}]}}