{"id":1086,"date":"2024-08-08T10:12:37","date_gmt":"2024-08-08T10:12:37","guid":{"rendered":"https:\/\/lesoleil.bf\/?p=1086"},"modified":"2024-08-08T10:12:37","modified_gmt":"2024-08-08T10:12:37","slug":"jeux-olympiques-de-paris-2024","status":"publish","type":"post","link":"https:\/\/lesoleil.bf\/index.php\/2024\/08\/08\/jeux-olympiques-de-paris-2024\/","title":{"rendered":"Jeux Olympiques de Paris 2024"},"content":{"rendered":"<div class=\"x11i5rnm xat24cr x1mh8g0r x1vvkbs xtlvy1s x126k92a\">\n<div dir=\"auto\">Ibrahim Ma\u00efga,<\/div>\n<div dir=\"auto\"><img loading=\"lazy\" decoding=\"async\" class=\"alignnone size-medium wp-image-1087\" src=\"https:\/\/lesoleil.bf\/wp-content\/uploads\/2024\/08\/Ibrahim-Maiga-du-Burkina-Faso-300x300.jpg\" alt=\"\" width=\"300\" height=\"300\" srcset=\"https:\/\/lesoleil.bf\/wp-content\/uploads\/2024\/08\/Ibrahim-Maiga-du-Burkina-Faso-300x300.jpg 300w, https:\/\/lesoleil.bf\/wp-content\/uploads\/2024\/08\/Ibrahim-Maiga-du-Burkina-Faso-150x150.jpg 150w, https:\/\/lesoleil.bf\/wp-content\/uploads\/2024\/08\/Ibrahim-Maiga-du-Burkina-Faso.jpg 720w\" sizes=\"auto, (max-width: 300px) 100vw, 300px\" \/><\/div>\n<div dir=\"auto\">le repr\u00e9sentant du Burkina Faso en taekwondo aux Jeux Olympiques de Paris 2024, entre en comp\u00e9tition aujourd&rsquo;hui dans la cat\u00e9gorie des moins de 68 kg. \u00c0 10h13 TU, il affrontera le Turc Hakan Recber dans ce qui s&rsquo;annonce \u00eatre un combat intense. Ma\u00efga, qui s&rsquo;est pr\u00e9par\u00e9 intensivement pour cette comp\u00e9tition, esp\u00e8re d\u00e9crocher une victoire et avancer dans le tournoi pour offrir une belle performance \u00e0 son pays, le Burkina Faso.<\/div>\n<\/div>\n<div class=\"x11i5rnm xat24cr x1mh8g0r x1vvkbs xtlvy1s x126k92a\">\n<div dir=\"auto\">Augustin Sogoh SANOU<\/div>\n<\/div>\n<div class=\"x11i5rnm xat24cr x1mh8g0r x1vvkbs xtlvy1s x126k92a\">\n<div dir=\"auto\">Sidwaya.info<\/div>\n<\/div>\n","protected":false},"excerpt":{"rendered":"<p>Ibrahim Ma\u00efga, le repr\u00e9sentant du Burkina Faso en taekwondo aux Jeux Olympiques de Paris 2024, entre en comp\u00e9tition aujourd&rsquo;hui dans la cat\u00e9gorie des moins de 68 kg. \u00c0 10h13 TU, il affrontera le Turc Hakan Recber dans ce qui s&rsquo;annonce \u00eatre un combat intense. Ma\u00efga, qui s&rsquo;est pr\u00e9par\u00e9 intensivement pour cette comp\u00e9tition, esp\u00e8re d\u00e9crocher une [&hellip;]<\/p>\n","protected":false},"author":1,"featured_media":1087,"comment_status":"open","ping_status":"open","sticky":false,"template":"","format":"standard","meta":{"site-sidebar-layout":"default","site-content-layout":"","ast-site-content-layout":"default","site-content-style":"default","site-sidebar-style":"default","ast-global-header-display":"","ast-banner-title-visibility":"","ast-main-header-display":"","ast-hfb-above-header-display":"","ast-hfb-below-header-display":"","ast-hfb-mobile-header-display":"","site-post-title":"","ast-breadcrumbs-content":"","ast-featured-img":"","footer-sml-layout":"","theme-transparent-header-meta":"default","adv-header-id-meta":"","stick-header-meta":"","header-above-stick-meta":"","header-main-stick-meta":"","header-below-stick-meta":"","astra-migrate-meta-layouts":"set","ast-page-background-enabled":"default","ast-page-background-meta":{"desktop":{"background-color":"var(--ast-global-color-4)","background-image":"","background-repeat":"repeat","background-position":"center center","background-size":"auto","background-attachment":"scroll","background-type":"","background-media":"","overlay-type":"","overlay-color":"","overlay-opacity":"","overlay-gradient":""},"tablet":{"background-color":"","background-image":"","background-repeat":"repeat","background-position":"center center","background-size":"auto","background-attachment":"scroll","background-type":"","background-media":"","overlay-type":"","overlay-color":"","overlay-opacity":"","overlay-gradient":""},"mobile":{"background-color":"","background-image":"","background-repeat":"repeat","background-position":"center center","background-size":"auto","background-attachment":"scroll","background-type":"","background-media":"","overlay-type":"","overlay-color":"","overlay-opacity":"","overlay-gradient":""}},"ast-content-background-meta":{"desktop":{"background-color":"var(--ast-global-color-5)","background-image":"","background-repeat":"repeat","background-position":"center center","background-size":"auto","background-attachment":"scroll","background-type":"","background-media":"","overlay-type":"","overlay-color":"","overlay-opacity":"","overlay-gradient":""},"tablet":{"background-color":"var(--ast-global-color-5)","background-image":"","background-repeat":"repeat","background-position":"center center","background-size":"auto","background-attachment":"scroll","background-type":"","background-media":"","overlay-type":"","overlay-color":"","overlay-opacity":"","overlay-gradient":""},"mobile":{"background-color":"var(--ast-global-color-5)","background-image":"","background-repeat":"repeat","background-position":"center center","background-size":"auto","background-attachment":"scroll","background-type":"","background-media":"","overlay-type":"","overlay-color":"","overlay-opacity":"","overlay-gradient":""}},"footnotes":""},"categories":[8],"tags":[],"class_list":["post-1086","post","type-post","status-publish","format-standard","has-post-thumbnail","hentry","category-sport"],"_links":{"self":[{"href":"https:\/\/lesoleil.bf\/index.php\/wp-json\/wp\/v2\/posts\/1086","targetHints":{"allow":["GET"]}}],"collection":[{"href":"https:\/\/lesoleil.bf\/index.php\/wp-json\/wp\/v2\/posts"}],"about":[{"href":"https:\/\/lesoleil.bf\/index.php\/wp-json\/wp\/v2\/types\/post"}],"author":[{"embeddable":true,"href":"https:\/\/lesoleil.bf\/index.php\/wp-json\/wp\/v2\/users\/1"}],"replies":[{"embeddable":true,"href":"https:\/\/lesoleil.bf\/index.php\/wp-json\/wp\/v2\/comments?post=1086"}],"version-history":[{"count":1,"href":"https:\/\/lesoleil.bf\/index.php\/wp-json\/wp\/v2\/posts\/1086\/revisions"}],"predecessor-version":[{"id":1088,"href":"https:\/\/lesoleil.bf\/index.php\/wp-json\/wp\/v2\/posts\/1086\/revisions\/1088"}],"wp:featuredmedia":[{"embeddable":true,"href":"https:\/\/lesoleil.bf\/index.php\/wp-json\/wp\/v2\/media\/1087"}],"wp:attachment":[{"href":"https:\/\/lesoleil.bf\/index.php\/wp-json\/wp\/v2\/media?parent=1086"}],"wp:term":[{"taxonomy":"category","embeddable":true,"href":"https:\/\/lesoleil.bf\/index.php\/wp-json\/wp\/v2\/categories?post=1086"},{"taxonomy":"post_tag","embeddable":true,"href":"https:\/\/lesoleil.bf\/index.php\/wp-json\/wp\/v2\/tags?post=1086"}],"curies":[{"name":"wp","href":"https:\/\/api.w.org\/{rel}","templated":true}]}}