{"id":1065,"date":"2024-08-02T06:52:15","date_gmt":"2024-08-02T06:52:15","guid":{"rendered":"https:\/\/lesoleil.bf\/?p=1065"},"modified":"2024-08-02T06:56:48","modified_gmt":"2024-08-02T06:56:48","slug":"burkina-manifestation","status":"publish","type":"post","link":"https:\/\/lesoleil.bf\/index.php\/2024\/08\/02\/burkina-manifestation\/","title":{"rendered":"Burkina # manifestation"},"content":{"rendered":"<p>\u00abDes riverains dans le quartier Karpala dit non \u00e0 l&rsquo;installation de l&rsquo;antenne relais \u00bb<\/p>\n<p>Les habitants, d&rsquo;une localit\u00e9 du quartier Karpala \u00e0 Ouagadougou se sont mobilis\u00e9s ce samedi 27 juillet 2024 dans le dit quartier pour dirent non \u00e0 l&rsquo;installation de l&rsquo;antenne relais d&rsquo;une soci\u00e9t\u00e9 de t\u00e9l\u00e9phonie mobile de la place.<\/p>\n<p>D\u00e9but\u00e9 depuis le 13 Juin 2024, les travaux d&rsquo;installation de l&rsquo;antenne relais de la soci\u00e9t\u00e9 de t\u00e9l\u00e9phonie mobile n&rsquo;a pas \u00e9t\u00e9 du go\u00fbt des riverains, qui selon eux n&rsquo;a pas \u00e9t\u00e9 avis\u00e9 avant tout \u00e9ventuel.<br \/>\nChose qui a \u00e9t\u00e9 mal per\u00e7u par les habitants qui ont rapidement demand\u00e9 aux travailleurs de stopper les travaux de montage.<\/p>\n<p><img loading=\"lazy\" decoding=\"async\" class=\"alignnone wp-image-1066\" src=\"https:\/\/lesoleil.bf\/wp-content\/uploads\/2024\/08\/WhatsApp-Image-2024-07-30-at-07.57.42-300x225.jpeg\" alt=\"\" width=\"351\" height=\"264\" srcset=\"https:\/\/lesoleil.bf\/wp-content\/uploads\/2024\/08\/WhatsApp-Image-2024-07-30-at-07.57.42-300x225.jpeg 300w, https:\/\/lesoleil.bf\/wp-content\/uploads\/2024\/08\/WhatsApp-Image-2024-07-30-at-07.57.42-1024x768.jpeg 1024w, https:\/\/lesoleil.bf\/wp-content\/uploads\/2024\/08\/WhatsApp-Image-2024-07-30-at-07.57.42-768x576.jpeg 768w, https:\/\/lesoleil.bf\/wp-content\/uploads\/2024\/08\/WhatsApp-Image-2024-07-30-at-07.57.42.jpeg 1152w\" sizes=\"auto, (max-width: 351px) 100vw, 351px\" \/> <img loading=\"lazy\" decoding=\"async\" class=\"alignnone wp-image-1067\" src=\"https:\/\/lesoleil.bf\/wp-content\/uploads\/2024\/08\/WhatsApp-Image-2024-07-30-at-07.54.48-300x225.jpeg\" alt=\"\" width=\"352\" height=\"264\" srcset=\"https:\/\/lesoleil.bf\/wp-content\/uploads\/2024\/08\/WhatsApp-Image-2024-07-30-at-07.54.48-300x225.jpeg 300w, https:\/\/lesoleil.bf\/wp-content\/uploads\/2024\/08\/WhatsApp-Image-2024-07-30-at-07.54.48-1024x768.jpeg 1024w, https:\/\/lesoleil.bf\/wp-content\/uploads\/2024\/08\/WhatsApp-Image-2024-07-30-at-07.54.48-768x576.jpeg 768w, https:\/\/lesoleil.bf\/wp-content\/uploads\/2024\/08\/WhatsApp-Image-2024-07-30-at-07.54.48.jpeg 1152w\" sizes=\"auto, (max-width: 352px) 100vw, 352px\" \/><\/p>\n<p>Selon Rassablga Sawadogo porte-parole des manifestants, \u00abapr\u00e8s notre interpellation, nous avons remarqu\u00e9 qu&rsquo;ils (les travailleurs se jouaient la soude oreilles et continuaient les travaux.<br \/>\nC&rsquo;est ainsi que \u00ab nous avons fait des d\u00e9marches vers les autorit\u00e9s comp\u00e9tentes \u00e0 savoir, la d\u00e9l\u00e9gation sp\u00e9ciale de l&rsquo;arrondissement, et nous osons croire qu&rsquo;elle r\u00e9agira pour le bien de tous. Mais en attendant qu&rsquo;elle r\u00e9aliste, Nous, riverains avons invit\u00e9 la presse pour leur faire part de notre cri d&rsquo;appel\u00bb, a laiss\u00e9 entendre le porte-parole.<\/p>\n<p>\u00c0 l&rsquo;en croire, il serait av\u00e9r\u00e9 que les ondes des antennes relais sont nuisibles \u00e0 la sant\u00e9. Par cons\u00e9quent \u00abnous n&rsquo;allons pas permettre \u00e0 qui que se soit de s&rsquo;enrichir au d\u00e9triment de la vie et de la sant\u00e9 des populations\u00bb, rench\u00e9rit t-il.<br \/>\nAvant de poursuivre que si dans les jours qui suivent rien n&rsquo; est fait, ils saisiront les organisations comp\u00e9tentes en la mati\u00e8re, notamment la League des consommateurs, les organisations de d\u00e9fense des droits de l&rsquo;homme et bien d&rsquo;autres.<\/p>\n<p>Quant \u00e0 Fati Sawadogo, Repr\u00e9sentante des femmes et voisine directe de la parcelle abritant l&rsquo;antenne, cela est inadmissible que l&rsquo;antenne relais puisse \u00eatre install\u00e9e dans ce quartier. \u00abnous, femmes riveraines disons non \u00e0 cette antenne qui, constitue un danger sanitaire pour les populations en g\u00e9n\u00e9ral et en particulier nous les femmes, surtout celles enceinte car selon les sp\u00e9cialistes, cela peut m\u00eame aller jusqu&rsquo;\u00e0 causer une fausse couche \u00bb a-t-elle d\u00e9clar\u00e9.<\/p>\n<p style=\"text-align: right;\"><em><strong>Fulbert ZEMBA<\/strong><\/em><\/p>\n","protected":false},"excerpt":{"rendered":"<p>\u00abDes riverains dans le quartier Karpala dit non \u00e0 l&rsquo;installation de l&rsquo;antenne relais \u00bb Les habitants, d&rsquo;une localit\u00e9 du quartier Karpala \u00e0 Ouagadougou se sont mobilis\u00e9s ce samedi 27 juillet 2024 dans le dit quartier pour dirent non \u00e0 l&rsquo;installation de l&rsquo;antenne relais d&rsquo;une soci\u00e9t\u00e9 de t\u00e9l\u00e9phonie mobile de la place. D\u00e9but\u00e9 depuis le 13 [&hellip;]<\/p>\n","protected":false},"author":1,"featured_media":1068,"comment_status":"open","ping_status":"open","sticky":false,"template":"","format":"standard","meta":{"site-sidebar-layout":"default","site-content-layout":"","ast-site-content-layout":"default","site-content-style":"default","site-sidebar-style":"default","ast-global-header-display":"","ast-banner-title-visibility":"","ast-main-header-display":"","ast-hfb-above-header-display":"","ast-hfb-below-header-display":"","ast-hfb-mobile-header-display":"","site-post-title":"","ast-breadcrumbs-content":"","ast-featured-img":"","footer-sml-layout":"","theme-transparent-header-meta":"default","adv-header-id-meta":"","stick-header-meta":"","header-above-stick-meta":"","header-main-stick-meta":"","header-below-stick-meta":"","astra-migrate-meta-layouts":"set","ast-page-background-enabled":"default","ast-page-background-meta":{"desktop":{"background-color":"var(--ast-global-color-4)","background-image":"","background-repeat":"repeat","background-position":"center center","background-size":"auto","background-attachment":"scroll","background-type":"","background-media":"","overlay-type":"","overlay-color":"","overlay-opacity":"","overlay-gradient":""},"tablet":{"background-color":"","background-image":"","background-repeat":"repeat","background-position":"center center","background-size":"auto","background-attachment":"scroll","background-type":"","background-media":"","overlay-type":"","overlay-color":"","overlay-opacity":"","overlay-gradient":""},"mobile":{"background-color":"","background-image":"","background-repeat":"repeat","background-position":"center center","background-size":"auto","background-attachment":"scroll","background-type":"","background-media":"","overlay-type":"","overlay-color":"","overlay-opacity":"","overlay-gradient":""}},"ast-content-background-meta":{"desktop":{"background-color":"var(--ast-global-color-5)","background-image":"","background-repeat":"repeat","background-position":"center center","background-size":"auto","background-attachment":"scroll","background-type":"","background-media":"","overlay-type":"","overlay-color":"","overlay-opacity":"","overlay-gradient":""},"tablet":{"background-color":"var(--ast-global-color-5)","background-image":"","background-repeat":"repeat","background-position":"center center","background-size":"auto","background-attachment":"scroll","background-type":"","background-media":"","overlay-type":"","overlay-color":"","overlay-opacity":"","overlay-gradient":""},"mobile":{"background-color":"var(--ast-global-color-5)","background-image":"","background-repeat":"repeat","background-position":"center center","background-size":"auto","background-attachment":"scroll","background-type":"","background-media":"","overlay-type":"","overlay-color":"","overlay-opacity":"","overlay-gradient":""}},"footnotes":""},"categories":[4],"tags":[],"class_list":["post-1065","post","type-post","status-publish","format-standard","has-post-thumbnail","hentry","category-societe"],"_links":{"self":[{"href":"https:\/\/lesoleil.bf\/index.php\/wp-json\/wp\/v2\/posts\/1065","targetHints":{"allow":["GET"]}}],"collection":[{"href":"https:\/\/lesoleil.bf\/index.php\/wp-json\/wp\/v2\/posts"}],"about":[{"href":"https:\/\/lesoleil.bf\/index.php\/wp-json\/wp\/v2\/types\/post"}],"author":[{"embeddable":true,"href":"https:\/\/lesoleil.bf\/index.php\/wp-json\/wp\/v2\/users\/1"}],"replies":[{"embeddable":true,"href":"https:\/\/lesoleil.bf\/index.php\/wp-json\/wp\/v2\/comments?post=1065"}],"version-history":[{"count":1,"href":"https:\/\/lesoleil.bf\/index.php\/wp-json\/wp\/v2\/posts\/1065\/revisions"}],"predecessor-version":[{"id":1069,"href":"https:\/\/lesoleil.bf\/index.php\/wp-json\/wp\/v2\/posts\/1065\/revisions\/1069"}],"wp:featuredmedia":[{"embeddable":true,"href":"https:\/\/lesoleil.bf\/index.php\/wp-json\/wp\/v2\/media\/1068"}],"wp:attachment":[{"href":"https:\/\/lesoleil.bf\/index.php\/wp-json\/wp\/v2\/media?parent=1065"}],"wp:term":[{"taxonomy":"category","embeddable":true,"href":"https:\/\/lesoleil.bf\/index.php\/wp-json\/wp\/v2\/categories?post=1065"},{"taxonomy":"post_tag","embeddable":true,"href":"https:\/\/lesoleil.bf\/index.php\/wp-json\/wp\/v2\/tags?post=1065"}],"curies":[{"name":"wp","href":"https:\/\/api.w.org\/{rel}","templated":true}]}}